{"id":6,"date":"2006-11-20T08:49:00","date_gmt":"2006-11-20T07:49:00","guid":{"rendered":"http:\/\/denis-meunier.be\/smax\/2006\/11\/20\/description-de-mon-smax-1800-tdci\/"},"modified":"2018-05-04T11:51:06","modified_gmt":"2018-05-04T09:51:06","slug":"description-de-mon-smax-1800-tdci","status":"publish","type":"post","link":"https:\/\/denis-meunier.be\/smax\/2006\/11\/20\/description-de-mon-smax-1800-tdci\/","title":{"rendered":"Description de mon SMAX 1800 TDci"},"content":{"rendered":"<table border=\"1\" cellspacing=\"0\" width=\"100%\" align=\"center\" bgcolor=\"#0099ff\">\n<tbody>\n<tr>\n<td>\n<div>\n<div style=\"text-align: center;\"><span style=\"font-family: Arial,Helvetica,sans-serif;\"><span style=\"font-size: x-small;\"><span style=\"font-size: x-small;\"><strong><a title=\"La description de mon S-MAX\" href=\"http:\/\/smax.skynetblogs.be\/mon-s-max\/\" target=\"_blank\"><span style=\"font-size: x-small; color: #ffffff; font-family: Arial,Helvetica,sans-serif;\"><strong>Mon            S-Max<\/strong><\/span><\/a><\/strong><\/span><\/span><\/span><\/div>\n<\/div>\n<\/td>\n<td>\n<div>\n<div style=\"text-align: center;\"><span style=\"font-family: Arial,Helvetica,sans-serif;\"><span style=\"font-size: x-small;\"><span style=\"font-size: x-small;\"><strong><a title=\"O\u00f9 trouver de l'aide, des renseignements ... au sujet du S-MAX\" href=\"http:\/\/smax.skynetblogs.be\/aide-s-max\/\" target=\"_blank\"><span style=\"font-size: x-small; color: #ffffff; font-family: Arial,Helvetica,sans-serif;\"><strong>Aide            S-Max<\/strong><\/span><\/a><\/strong><\/span><\/span><\/span><\/div>\n<\/div>\n<\/td>\n<td>\n<div>\n<div style=\"text-align: center;\"><span style=\"font-family: Arial,Helvetica,sans-serif;\"><span style=\"font-size: x-small;\"><span style=\"font-size: x-small;\"><strong><a title=\"Les probl\u00e8mes rencontr\u00e9s avec mon S-MAX\" href=\"http:\/\/smax.skynetblogs.be\/problemes\/\" target=\"_blank\"><span style=\"font-size: x-small; color: #ffffff; font-family: Arial,Helvetica,sans-serif;\"><strong>Probl\u00e8mes<\/strong><\/span><\/a><\/strong><\/span><\/span><\/span><\/div>\n<\/div>\n<\/td>\n<td>\n<div>\n<div style=\"text-align: center;\"><a title=\"Les accessoires de mon S-Max\" href=\"http:\/\/smax.skynetblogs.be\/accessoires\/\" target=\"_blank\"><span style=\"font-size: x-small; color: #ffffff; font-family: Arial,Helvetica,sans-serif;\"><strong>Accessoires<\/strong><\/span><\/a><\/div>\n<\/div>\n<\/td>\n<td>\n<div>\n<div style=\"text-align: center;\"><span style=\"font-family: Arial,Helvetica,sans-serif;\"><span style=\"font-size: x-small;\"><span style=\"font-size: x-small;\"><strong><a title=\"Les articles traitant du comportement du S-MAX sur la route , consommation, ...\" href=\"http:\/\/smax.skynetblogs.be\/sur-la-route\/\"><span style=\"font-size: x-small; color: #ffffff; font-family: Arial,Helvetica,sans-serif;\"><strong>Sur            la Route<\/strong><\/span><\/a><\/strong><\/span><\/span><\/span><\/div>\n<\/div>\n<\/td>\n<td>\n<div>\n<div style=\"text-align: center;\"><span style=\"font-family: Arial,Helvetica,sans-serif;\"><span style=\"font-size: x-small;\"><span style=\"font-size: x-small;\"><strong><a title=\"Les autres articles du Blog \" href=\"http:\/\/smax.skynetblogs.be\/general\/\" target=\"_blank\"><span style=\"font-size: x-small; color: #ffffff; font-family: Arial,Helvetica,sans-serif;\"><strong>G\u00e9n\u00e9ral<\/strong><\/span><\/a><\/strong><\/span><\/span><\/span><\/div>\n<\/div>\n<\/td>\n<\/tr>\n<\/tbody>\n<\/table>\n<p><strong>&nbsp;<\/strong><\/p>\n<p><span style=\"font-size: medium; font-family: Arial;\">En Photo<span style=\"font-size: x-small; color: #ff0000;\"><a href=\"http:\/\/smax.skynetblogs.be\/post\/4510479\/lalbum-photo-de-mon-smax\" target=\"_blank\"><span style=\"font-size: x-small; color: #ff0000;\">(s)<\/span><\/a><\/span> :<\/span><span style=\"text-align: left;\">&nbsp;<\/span><span style=\"text-align: left;\"> <\/span><span style=\"text-align: left;\"><\/p>\n<div><a href=\"http:\/\/smax.skynetblogs.be\/post\/4510479\/lalbum-photo-de-mon-smax\"><img decoding=\"async\" title=\"Cliquez pour voir l'album\" src=\"http:\/\/denis-meunier.be\/smax\/wp-content\/uploads\/2006\/11\/dyn004_original_300_225_pjpeg_2569915_02013ebf729af48e156c83956ea1f7ac.jpg\" border=\"0\" alt=\"Cliquez pour voir l'album\" \/><\/a><br \/><span style=\"font-size: xx-small; font-family: Arial;\">(Cliquez sur la photo pour voir l&rsquo;album)<\/span><\/div>\n<p><span style=\"font-size: large; font-family: Arial;\">Et en&nbsp; d\u00e9tail :<\/span><\/p>\n<p><\/span><\/p>\n<p><span style=\"font-size: x-small;\"><span style=\"font-family: Arial, sans-serif;\"><strong>Motorisation :<br \/><\/strong>1.8 TDCi 125 CV &#8211; 92 KW Euro 4 &#8211; 6 vitesses<\/span><\/span><\/p>\n<p><span style=\"font-family: Arial, sans-serif;\"><span style=\"font-size: x-small;\"><strong>Pack Titanium<\/strong><\/span><\/span><\/p>\n<p style=\"margin-bottom: 0cm;\"><span style=\"font-size: x-small;\"><span style=\"font-family: Arial, sans-serif;\">ABS<br \/>2 Airbags avant, 2 Airbags lat\u00e9raux avant<br \/>Airbags rideaux &#8211; Airbag genoux c\u00f4t\u00e9 conducteur<br \/>Accoudoir central<br \/>Apuie-t\u00cdte avant r\u00e9glable en 2 directions<br \/>Cl\u00e9 rabattable t\u00e9l\u00e9commande (une pi\u00e8ce)<br \/>Climatisation automatique<br \/>Compartiment de rangement entre les si\u00e8ges de la 1re et la 2me rang\u00e9e<br \/>D\u00e9givrage rapide du pare-brise<br \/>Eclairage de l\u2019espace aux pieds<br \/>Eclairage de courtoisie et lecteurs de cartes<br \/>Eclairage de courtoisie et liseuse de cartes 2me rang\u00e9e<br \/>Eclairage de la bo\u00eete \u00e0 gants<br \/>Essuie-glace automatiques avec d\u00e9tecteur de pluie<br \/>Housse enroulable<br \/>Kit de r\u00e9paration pour pneu crev\u00e9<br \/>Levier de frein \u00e0 main en cuir<br \/>Ordinateur de bord<br \/>Pare-soleil avec \u00e9clairage &#8211; conducteur et passager<br \/>Phares antibrouillard avant<br \/>Phares avant \u00e0 allumage automatique<br \/>Pommeau de levier de vitesses en cuir<br \/>Protection de seuil avant<br \/>17\u201d jantes en alu &#8211; 5 branches <strong><span style=\"color: #ff0000;\">(modifi\u00e9 par option \u2013 voir plus bas * )<br \/><\/span><\/strong>Pneux &#8211; 225\/50 R17 <strong><span style=\"color: #ff0000;\">(modifi\u00e9 par option \u2013 voir plus bas * )<br \/><\/span><\/strong>Radio\/CD avec commande au volant <strong><span style=\"color: #ff0000;\">(modifi\u00e9 par option \u2013 voir plus bas * )<\/span><\/strong><br \/>R\u00e9glage \u00e0 commande \u00e9lectrique du si\u00e8ge passager en 2 directions <strong><span style=\"color: #ff0000;\">(modifi\u00e9 par option \u2013 voir plus bas * )<br \/><\/span><\/strong>R\u00e9troviseurs chauffants \u00e0 commande \u00e9lectrique avec clignotants et \u00e9clairage de courtoisie<br \/>R\u00e9troviseur int\u00e9rieur anti-\u00e9blouissement automatique<br \/>Si\u00e8ge conducteur avec support lombaire r\u00e9glable<strong><span style=\"color: #ff0000;\">(modifi\u00e9 par option \u2013 voir plus bas * )<br \/><\/span><\/strong>Verrouillage \u00e0 commande \u00e0 distance<br \/>Vitres avant et arri\u00e8re \u00e0 commande \u00e9lectrique<br \/>Volant en cuir<br \/>2 Ans de Garantie &#8211; 3 Ans de Ford Assistance (24\/24h)<\/span><\/span><\/p>\n<p style=\"margin-bottom: 0cm;\"><a title=\"left_summary1\" name=\"left_summary1\"><\/a><span style=\"font-family: Arial, sans-serif;\"><span style=\"font-size: x-small;\"><strong>Options ajout\u00e9es <\/strong><\/span><\/span><\/p>\n<p style=\"margin-bottom: 0cm;\"><span style=\"font-size: x-small;\"><span style=\"font-family: Arial, sans-serif;\">Peinture m\u00e9talis\u00e9e Sea Grey <br \/>Assistance Parking avant et arri\u00e8re <br \/>Bo\u00eete \u00e0 gants climatis\u00e9e &#8211; climatisation automatique double incl. <br \/>Vitres arri\u00e8res teint\u00e9es fonc\u00e9es <br \/>Pare-brise athermique<br \/>Syst\u00e8me de navigation Blaupunkt TravelPilot EX <strong><span style=\"color: #ff0000;\">(*)<br \/><\/span><\/strong>\u00e0 \u00e9cran monochrome 4\u00a0\u00bb et commande au volant (CD Benelux)<br \/>Bluetooth \/ Voice Control Premium <br \/>R\u00e9troviseurs \u00e0 commande \u00e9lectrique,chauffants et rabattables <br \/>Si\u00e8ge \u00e9lectriques 8 positions chauffeur et passager, avec supports lombaires <strong><span style=\"color: #ff0000;\">(*)<\/span><\/strong><br \/>Int\u00e9rieur Cuir<br \/>Jantes alu 18&Prime; &#8211; 5 branches en \u00ab\u00a0Y\u00a0\u00bb &#8211; pneus 235\/45 R18<strong><span style=\"color: #ff0000;\">(*)<\/span><\/strong><\/span><\/span><\/p>\n<p style=\"margin-bottom: 0cm;\"><span style=\"font-family: Arial, sans-serif;\"><span style=\"font-size: x-small;\"><strong>Et en chiffres :<\/strong><\/span><\/span><\/p>\n<p style=\"margin-bottom: 0cm;\"><span style=\"font-family: Arial, sans-serif;\"><span style=\"font-size: x-small;\">Prix brut total : 34.778,9 \u20ac TVA comprise<br \/>Prix Net : <strong>30.700,00<\/strong> \u20ac TVA comprise<\/span><\/span><\/p>\n<p style=\"margin-bottom: 0cm;\"><span style=\"font-family: Arial, sans-serif;\"><span style=\"font-size: x-small;\"><strong>Petits ajouts de derni\u00e8re minute :<\/strong><\/span><\/span><\/p>\n<ul>\n<li>\n<p style=\"margin-bottom: 0cm;\"><span style=\"font-family: Arial, sans-serif;\"><span style=\"font-size: x-small;\">La radio est \u00e9quip\u00e9e d&rsquo;un syst\u00e8me Bluethoot Premium qui a d\u00fb \u00eatre compl\u00e9t\u00e9 par le chargeur correspondant \u00e0 notre GSM (Sony Ericson K700i) Co\u00fbt :&nbsp;126,75 \u20ac TVA Incl.<\/span><\/span><\/p>\n<\/li>\n<li>\n<p style=\"margin-bottom: 0cm;\"><span style=\"font-family: Arial, sans-serif;\"><span style=\"font-size: x-small;\">La voiture gagne en esth\u00e9tique (encore) avec la pr\u00e9sence de bavettes aux roues avant et arri\u00e8res ;<br \/>Co\u00fbt : 87,34 \u20ac TVA Incl. placement inclus<\/span><\/span><\/p>\n<\/li>\n<li>\n<p style=\"margin-bottom: 0cm;\"><span style=\"font-size: x-small; font-family: Arial;\">Et pour la protection de la moquette int\u00e9rieure :<br \/>jeu de tapis en caoutchouc avant et passagers arri\u00e8res :<br \/>Co\u00fbt : 44,47 \u20ac TVA Incl.<\/span><\/p>\n<\/li>\n<\/ul>\n<p style=\"margin-bottom: 0cm;\"><span style=\"font-size: x-small; font-family: Arial;\">ET en toute, toute&nbsp;derni\u00e8re minute, les derniers petits <span style=\"text-decoration: underline;\">cadeaux du concessionnaire<\/span> <span style=\"color: #cc0000;\">(mais \u00e0 ne pas oublier)<\/span>&nbsp;:<\/span><\/p>\n<ul>\n<li>\n<div style=\"margin-bottom: 0cm;\"><span style=\"font-size: x-small; font-family: Arial;\">Le porte-plaque (AR) + duplicata plaque avant,<\/span><\/div>\n<\/li>\n<li>\n<div style=\"margin-bottom: 0cm;\"><span style=\"font-size: x-small; font-family: Arial;\">la trousse de premiers soins<\/span><\/div>\n<\/li>\n<li>\n<div style=\"margin-bottom: 0cm;\"><span style=\"font-size: x-small; font-family: Arial;\">le triangle<\/span><\/div>\n<\/li>\n<\/ul>\n<p style=\"margin-bottom: 0cm;\"><span style=\"font-size: x-small; font-family: Arial;\">(Cadeau encore de notre concessionnaire, le pr\u00eat pendant cinq jours d&rsquo;un v\u00e9hicule de service en attente de la mise \u00e0 disposition de notre v\u00e9hicule.)<\/span><\/p>\n<p style=\"margin-bottom: 0cm;\"><span style=\"font-size: x-small; font-family: Arial;\">Voil\u00e0 pour la description, maintenant passons aux commentaires<\/span><\/p>\n<p style=\"margin-bottom: 0cm;\">&nbsp;<\/p>\n","protected":false},"excerpt":{"rendered":"<p>Mon S-Max Aide S-Max Probl\u00e8mes Accessoires Sur la Route G\u00e9n\u00e9ral &nbsp; En Photo(s) :&nbsp; (Cliquez sur la photo pour voir l&rsquo;album) Et en&nbsp; d\u00e9tail : Motorisation :1.8 TDCi 125 CV &#8211; 92 KW Euro 4 &#8211; 6 vitesses Pack Titanium ABS2 Airbags avant, 2 Airbags lat\u00e9raux avantAirbags rideaux &#8211; Airbag genoux c\u00f4t\u00e9 conducteurAccoudoir centralApuie-t\u00cdte avant &hellip; <a href=\"https:\/\/denis-meunier.be\/smax\/2006\/11\/20\/description-de-mon-smax-1800-tdci\/\" class=\"more-link\">Continuer la lecture de <span class=\"screen-reader-text\">Description de mon SMAX 1800 TDci<\/span><\/a><\/p>\n","protected":false},"author":1,"featured_media":0,"comment_status":"closed","ping_status":"open","sticky":false,"template":"","format":"standard","meta":{"footnotes":""},"categories":[3],"tags":[],"class_list":["post-6","post","type-post","status-publish","format-standard","hentry","category-mon-s-max"],"_links":{"self":[{"href":"https:\/\/denis-meunier.be\/smax\/wp-json\/wp\/v2\/posts\/6","targetHints":{"allow":["GET"]}}],"collection":[{"href":"https:\/\/denis-meunier.be\/smax\/wp-json\/wp\/v2\/posts"}],"about":[{"href":"https:\/\/denis-meunier.be\/smax\/wp-json\/wp\/v2\/types\/post"}],"author":[{"embeddable":true,"href":"https:\/\/denis-meunier.be\/smax\/wp-json\/wp\/v2\/users\/1"}],"replies":[{"embeddable":true,"href":"https:\/\/denis-meunier.be\/smax\/wp-json\/wp\/v2\/comments?post=6"}],"version-history":[{"count":1,"href":"https:\/\/denis-meunier.be\/smax\/wp-json\/wp\/v2\/posts\/6\/revisions"}],"predecessor-version":[{"id":242,"href":"https:\/\/denis-meunier.be\/smax\/wp-json\/wp\/v2\/posts\/6\/revisions\/242"}],"wp:attachment":[{"href":"https:\/\/denis-meunier.be\/smax\/wp-json\/wp\/v2\/media?parent=6"}],"wp:term":[{"taxonomy":"category","embeddable":true,"href":"https:\/\/denis-meunier.be\/smax\/wp-json\/wp\/v2\/categories?post=6"},{"taxonomy":"post_tag","embeddable":true,"href":"https:\/\/denis-meunier.be\/smax\/wp-json\/wp\/v2\/tags?post=6"}],"curies":[{"name":"wp","href":"https:\/\/api.w.org\/{rel}","templated":true}]}}