{"id":45,"date":"2011-02-20T19:48:00","date_gmt":"2011-02-20T18:48:00","guid":{"rendered":"http:\/\/denis-meunier.be\/smax\/2011\/02\/20\/le-s-max-est-vendu\/"},"modified":"2026-03-28T17:17:01","modified_gmt":"2026-03-28T16:17:01","slug":"le-s-max-est-vendu","status":"publish","type":"post","link":"https:\/\/denis-meunier.be\/smax\/2011\/02\/20\/le-s-max-est-vendu\/","title":{"rendered":"Le S-Max est vendu"},"content":{"rendered":"<div class=\"posttext\">\n<div class=\"posttext-decorator1\">\n<div class=\"posttext-decorator2\" style=\"text-align: center;\"><span style=\"font-size: medium; color: #ff0000;\"><strong>Mon <em>S<\/em><span style=\"color: #000000;\">-Max<\/span> est vendu !<\/strong><\/span><\/div>\n<div class=\"posttext-decorator2\">\n<p><img loading=\"lazy\" decoding=\"async\" class=\" wp-image-61 aligncenter\" src=\"http:\/\/denis-meunier.be\/smax\/wp-content\/uploads\/2010\/07\/899369955.2.jpg\" alt=\"\" width=\"416\" height=\"311\" \/><\/p>\n<p><span style=\"font-size: medium; color: #ff0000;\"><strong>Notre nouvel achat\u00a0:<\/strong><\/span><\/p>\n<p><strong>le<span style=\"color: #800000; font-size: medium;\"> VW Tiguan Sport &amp; Style CRTDI 2.0L <\/span><\/strong><\/p>\n<p style=\"margin-bottom: 0cm; text-align: center;\"><strong><span style=\"color: #0000ff;\"><em>le blog de mon Tiguan : <span style=\"color: #ff0000;\"><a title=\"Le blog de mon Tiguan\" href=\"https:\/\/denis-meunier.be\/NosVehicules\/\" target=\"_self\"><span style=\"font-size: large; color: #ff0000;\">ICI<\/span><\/a><\/span><\/em><\/span><\/strong><\/p>\n<p style=\"margin-bottom: 0cm; text-align: center;\"><strong><span style=\"color: #0000ff;\"><em><span style=\"font-size: medium;\">Apr\u00e8s 60.000 km, comparaison de ces deux v\u00e9hicules <a href=\"https:\/\/denis-meunier.be\/NosVehicules\/2011\/08\/16\/cinq-mois-et-pres-de-12-000-km-deja\/\" target=\"_blank\" rel=\"noopener\"><span style=\"color: #ff0000;\">ICI<\/span><\/a><\/span><br \/>\n<\/em><\/span><\/strong><\/p>\n<p style=\"margin-bottom: 0cm; text-align: center;\"><strong><span style=\"color: #0000ff;\"><em><span style=\"font-size: medium;\">* * * *<\/span><br \/>\n<\/em><\/span><\/strong><\/p>\n<p>Avec le<strong><span style=\"color: #ff0000;\"><em> S-<\/em><\/span>Max<\/strong>, Je ne vais pas dire que ce fut une histoire d&rsquo;amour, loin de l\u00e0.<br \/>\nC&rsquo;\u00e9tait un beau v\u00e9hicule, tr\u00e8s spacieux&#8230; MAIS &#8230;<\/p>\n<p>C&rsquo;est bien la premi\u00e8re fois qu&rsquo;un de mes v\u00e9hicule affectionnait tant de retourner chez son concessionnaire <img loading=\"lazy\" decoding=\"async\" src=\"http:\/\/denis-meunier.be\/smax\/wp-content\/uploads\/2011\/02\/smiley-laughing.gif\" alt=\"Rigolant\" width=\"18\" height=\"18\" align=\"BOTTOM\" border=\"0\" \/><\/p>\n<p>Apr\u00e8s ses &lsquo;maladies de jeunesse&rsquo;, <em>(voir l&rsquo;onglet &lsquo;Probl\u00e8mes&rsquo;)<\/em> j&rsquo;avais bien trop peur de devoir subir ses maladies de vieillesse et nous avons donc pr\u00e9f\u00e9r\u00e9 nous en d\u00e9faire.<br \/>\nLe v\u00e9hicule totalisait au moment de sa vente, <strong>110.000 Km<\/strong> au compteur ; rien n&rsquo;a \u00e9t\u00e9 dissimul\u00e9 \u00e0 l&rsquo;acheteur ; les nombreuses r\u00e9parations sous garanties, l&rsquo;histoire jamais solutionn\u00e9e des GSM, les petits coups de porti\u00e8res, le r\u00e9troviseur droit l\u00e9g\u00e8rement abim\u00e9 &#8230;<\/p>\n<p>Malgr\u00e9 ces petits d\u00e9tails, l&rsquo;acheteur a trouv\u00e9 le v\u00e9hicule en tr\u00e8s bon \u00e9tat et nous en a offert <strong>12.125 \u20ac.<\/strong> (Nous demandions 12.500 \u20ac \u00e0 la base)<\/p>\n<p>Il a \u00e9galement re\u00e7u, pour ce prix, les quatre jantes aciers avec pneus neige ( en plus des jantes en alliage. )<\/p>\n<p>Si cette personne n&rsquo;avait pas achet\u00e9 notre v\u00e9hicule, il aurait \u00e9t\u00e9 repris par <strong>VW<\/strong> (notre futur achat) \u00e0 un prix l\u00e9g\u00e8rement inf\u00e9rieur. Il est \u00e0 not\u00e9 que <strong>Ford<\/strong> nous a \u00e9galement fait offre de reprise, jumel\u00e9e \u00e0 l&rsquo;achat d&rsquo;un v\u00e9hicule de cette marque, mais encore inf\u00e9rieurs de 1.000 \u20ac \u00e0 la reprise propos\u00e9e par <strong>VW<\/strong>. Mais l&rsquo;exp\u00e9rience et le manque de confiance ne nous a pas incit\u00e9 \u00e0 reprendre un v\u00e9hicule de la marque Ford.<\/p>\n<p>J&rsquo;esp\u00e8re sinc\u00e8rement que mon acheteur ne rencontrera plus de probl\u00e8me avec ce v\u00e9hicule.<\/p>\n<\/div>\n<\/div>\n<\/div>\n","protected":false},"excerpt":{"rendered":"<p>Mon S-Max est vendu ! Notre nouvel achat\u00a0: le VW Tiguan Sport &amp; Style CRTDI 2.0L le blog de mon Tiguan : ICI Apr\u00e8s 60.000 km, comparaison de ces deux v\u00e9hicules ICI * * * * Avec le S-Max, Je ne vais pas dire que ce fut une histoire d&rsquo;amour, loin de l\u00e0. C&rsquo;\u00e9tait un &hellip; <a href=\"https:\/\/denis-meunier.be\/smax\/2011\/02\/20\/le-s-max-est-vendu\/\" class=\"more-link\">Continuer la lecture de <span class=\"screen-reader-text\">Le S-Max est vendu<\/span><\/a><\/p>\n","protected":false},"author":1,"featured_media":0,"comment_status":"closed","ping_status":"open","sticky":false,"template":"","format":"standard","meta":{"footnotes":""},"categories":[6],"tags":[],"class_list":["post-45","post","type-post","status-publish","format-standard","hentry","category-general"],"_links":{"self":[{"href":"https:\/\/denis-meunier.be\/smax\/wp-json\/wp\/v2\/posts\/45","targetHints":{"allow":["GET"]}}],"collection":[{"href":"https:\/\/denis-meunier.be\/smax\/wp-json\/wp\/v2\/posts"}],"about":[{"href":"https:\/\/denis-meunier.be\/smax\/wp-json\/wp\/v2\/types\/post"}],"author":[{"embeddable":true,"href":"https:\/\/denis-meunier.be\/smax\/wp-json\/wp\/v2\/users\/1"}],"replies":[{"embeddable":true,"href":"https:\/\/denis-meunier.be\/smax\/wp-json\/wp\/v2\/comments?post=45"}],"version-history":[{"count":4,"href":"https:\/\/denis-meunier.be\/smax\/wp-json\/wp\/v2\/posts\/45\/revisions"}],"predecessor-version":[{"id":275,"href":"https:\/\/denis-meunier.be\/smax\/wp-json\/wp\/v2\/posts\/45\/revisions\/275"}],"wp:attachment":[{"href":"https:\/\/denis-meunier.be\/smax\/wp-json\/wp\/v2\/media?parent=45"}],"wp:term":[{"taxonomy":"category","embeddable":true,"href":"https:\/\/denis-meunier.be\/smax\/wp-json\/wp\/v2\/categories?post=45"},{"taxonomy":"post_tag","embeddable":true,"href":"https:\/\/denis-meunier.be\/smax\/wp-json\/wp\/v2\/tags?post=45"}],"curies":[{"name":"wp","href":"https:\/\/api.w.org\/{rel}","templated":true}]}}