{"id":43,"date":"2010-09-29T15:24:00","date_gmt":"2010-09-29T13:24:00","guid":{"rendered":"http:\/\/denis-meunier.be\/smax\/2010\/09\/29\/ordinateur-de-bord-boutons-de-commandes\/"},"modified":"2026-02-09T20:30:27","modified_gmt":"2026-02-09T19:30:27","slug":"ordinateur-de-bord-boutons-de-commandes","status":"publish","type":"post","link":"https:\/\/denis-meunier.be\/smax\/2010\/09\/29\/ordinateur-de-bord-boutons-de-commandes\/","title":{"rendered":"Ordinateur de Bord &#8211; Boutons de commandes"},"content":{"rendered":"\n<p><strong>&nbsp;<\/strong>Le <em><strong><span style=\"color: #ff0000;\">S<\/span>-Max<\/strong><\/em> est \u00e0 nouveau rentr\u00e9 au garage ce <strong>vendredi 17 septembre<\/strong>, pour remplacer les boutons de commande de l&rsquo;Ordinateur De Bord (ODB) situ\u00e9s sur le volant.<\/p>\n\n\n\n<p>La pi\u00e8ce avait \u00e9t\u00e9 command\u00e9e lors de l&rsquo;entretien du v\u00e9hicule (100.000 km &#8211; 17\/9\/2010) mais le garagiste pr\u00e9f\u00e9rait avoir le <em><strong><span style=\"color: #ff0000;\">S<\/span>-Max<\/strong><\/em> pour la journ\u00e9e ??? <img decoding=\"async\" title=\"Incertain\" src=\"http:\/\/denis-meunier.be\/smax\/wp-content\/uploads\/2010\/09\/smiley-undecided.gif\" border=\"0\" alt=\"Incertain\"><\/p>\n\n\n\n<p><strong><span style=\"color: #333300;\">Lors de la reprise du v\u00e9hicule, tout va bien ; \u00e7a fonctionne !<\/span><\/strong><\/p>\n\n\n\n<p>Mais le plaisir a \u00e9t\u00e9 de courte dur\u00e9e ; le samedi matin, ces boutons ne voulaient \u00e0 nouveau plus fonctionner qu&rsquo;al\u00e9atoirement et &#8230; tr\u00e8s peu souvent.<\/p>\n\n\n\n<p>Contact repris avec le garage, le <em><strong><span style=\"color: #ff0000;\">S<\/span>-Max<\/strong><\/em> <strong>doit \u00e0 nouveau rentrer <span style=\"text-decoration: underline;\">pour la journ\u00e9e <\/span>de Vendredi 1\/10\/2010<\/strong><\/p>\n\n\n\n<p><span style=\"color: #800000; font-size: medium;\">Affaire \u00e0 suivre !<\/span>&nbsp; <img decoding=\"async\" title=\"Criant\" src=\"http:\/\/denis-meunier.be\/smax\/wp-content\/uploads\/2010\/09\/smiley-yell.gif\" border=\"0\" alt=\"Criant\"><\/p>\n\n\n\n<p><span style=\"font-size: large;\">Et le Vendredi 1\/10\/2010 au soir :<\/span><\/p>\n\n\n\n<p>Le concessionnaire a simplement v\u00e9rifi\u00e9 tous les contacts et &#8230; cela refonctionne.<\/p>\n\n\n\n<p><span style=\"font-size: large;\"><strong>Par contre, au niveau de la d\u00e9coloration des boutons de la radio &#8230;<\/strong><\/span><\/p>\n\n\n\n<figure class=\"wp-block-image\"><a href=\"http:\/\/denis-meunier.be\/smax\/wp-content\/uploads\/2010\/09\/2711927609.jpg\" target=\"_blank\"><img decoding=\"async\" src=\"http:\/\/denis-meunier.be\/smax\/wp-content\/uploads\/2010\/09\/296998190.2.jpg\" alt=\"BoutonRadio.jpg\"\/><\/a><\/figure>\n\n\n\n<p><\/p>\n\n\n\n<p><span style=\"font-size: medium;\"><strong>Cela ne tombe plus sous la garantie<\/strong><\/span> <img decoding=\"async\" title=\"D\u00e9\u00e7u\" src=\"http:\/\/denis-meunier.be\/smax\/wp-content\/uploads\/2010\/09\/smiley-frown.gif\" border=\"0\" alt=\"D\u00e9\u00e7u\"><\/p>\n\n\n\n<p><em>(Voir le r\u00e9sum\u00e9 de tous les probl\u00e8mes rencontr\u00e9 avec mon S-Max <strong><a title=\"Liste des probl\u00e8mes rencontr\u00e9s\" href=\"http:\/\/smax.skynetblogs.be\/archive\/2007\/11\/22\/tous-les-problemes-depuis-l-achat-de-mon-s-max.html\" target=\"_blank\">ICI<\/a><\/strong> )<\/em><\/p>\n","protected":false},"excerpt":{"rendered":"<p>&nbsp;Le S-Max est \u00e0 nouveau rentr\u00e9 au garage ce vendredi 17 septembre, pour remplacer les boutons de commande de l&rsquo;Ordinateur De Bord (ODB) situ\u00e9s sur le volant. La pi\u00e8ce avait \u00e9t\u00e9 command\u00e9e lors de l&rsquo;entretien du v\u00e9hicule (100.000 km &#8211; 17\/9\/2010) mais le garagiste pr\u00e9f\u00e9rait avoir le S-Max pour la journ\u00e9e ??? Lors de la &hellip; <a href=\"https:\/\/denis-meunier.be\/smax\/2010\/09\/29\/ordinateur-de-bord-boutons-de-commandes\/\" class=\"more-link\">Continuer la lecture de <span class=\"screen-reader-text\">Ordinateur de Bord &#8211; Boutons de commandes<\/span><\/a><\/p>\n","protected":false},"author":1,"featured_media":0,"comment_status":"closed","ping_status":"open","sticky":false,"template":"","format":"standard","meta":{"footnotes":""},"categories":[7],"tags":[],"class_list":["post-43","post","type-post","status-publish","format-standard","hentry","category-problemes"],"_links":{"self":[{"href":"https:\/\/denis-meunier.be\/smax\/wp-json\/wp\/v2\/posts\/43","targetHints":{"allow":["GET"]}}],"collection":[{"href":"https:\/\/denis-meunier.be\/smax\/wp-json\/wp\/v2\/posts"}],"about":[{"href":"https:\/\/denis-meunier.be\/smax\/wp-json\/wp\/v2\/types\/post"}],"author":[{"embeddable":true,"href":"https:\/\/denis-meunier.be\/smax\/wp-json\/wp\/v2\/users\/1"}],"replies":[{"embeddable":true,"href":"https:\/\/denis-meunier.be\/smax\/wp-json\/wp\/v2\/comments?post=43"}],"version-history":[{"count":2,"href":"https:\/\/denis-meunier.be\/smax\/wp-json\/wp\/v2\/posts\/43\/revisions"}],"predecessor-version":[{"id":261,"href":"https:\/\/denis-meunier.be\/smax\/wp-json\/wp\/v2\/posts\/43\/revisions\/261"}],"wp:attachment":[{"href":"https:\/\/denis-meunier.be\/smax\/wp-json\/wp\/v2\/media?parent=43"}],"wp:term":[{"taxonomy":"category","embeddable":true,"href":"https:\/\/denis-meunier.be\/smax\/wp-json\/wp\/v2\/categories?post=43"},{"taxonomy":"post_tag","embeddable":true,"href":"https:\/\/denis-meunier.be\/smax\/wp-json\/wp\/v2\/tags?post=43"}],"curies":[{"name":"wp","href":"https:\/\/api.w.org\/{rel}","templated":true}]}}