{"id":41,"date":"2010-07-29T11:45:00","date_gmt":"2010-07-29T09:45:00","guid":{"rendered":"http:\/\/denis-meunier.be\/smax\/2010\/07\/29\/controle-technique\/"},"modified":"2026-02-09T20:34:20","modified_gmt":"2026-02-09T19:34:20","slug":"controle-technique","status":"publish","type":"post","link":"https:\/\/denis-meunier.be\/smax\/2010\/07\/29\/controle-technique\/","title":{"rendered":"Contr\u00f4le technique"},"content":{"rendered":"\n<p><strong>&nbsp;<\/strong><\/p>\n\n\n\n<p><span style=\"font-size: medium;\"><strong>D\u00e9j\u00e0 quatre ans et p<\/strong><strong>lus    de 96.000 Km au compteur !<\/strong><\/span><\/p>\n\n\n\n<p><span style=\"font-size: medium;\"><span style=\"font-size: small;\">Le temps (<em>et les km<\/em> ) passe ! <\/span><\/span><\/p>\n\n\n\n<p><span style=\"font-size: medium;\"><span style=\"font-size: small;\">En Belgique, le 4me anniversaire du v\u00e9hicule correspond \u00e0 son premier passage oblig\u00e9 au contr\u00f4le technique.<\/span><\/span><\/p>\n\n\n\n<p><span style=\"font-size: medium;\"><span style=\"font-size: small;\">Il ne nous a pas sembl\u00e9 utile de pr\u00e9senter le v\u00e9hicule au garage avant cette formalit\u00e9 et cela s&rsquo;est pass\u00e9 le mieux du monde : <strong>pas la moindre remarque<\/strong> <\/span><\/span><\/p>\n\n\n\n<p class=\"has-text-align-left\"><span style=\"font-size: medium;\"><span style=\"font-size: small;\">De ce fait, le pr\u00e9sent &lsquo;post&rsquo; sera lui aussi &lsquo;sans commentaire&rsquo; (personnel &#8211; \u00e0 vous d&rsquo;en faire d&rsquo;autres <img decoding=\"async\" title=\"Pied de nez\" src=\"http:\/\/denis-meunier.be\/smax\/wp-content\/uploads\/2010\/07\/smiley-foot-in-mouth.gif\" border=\"0\" alt=\"Pied de nez\"> )<\/span><\/span><\/p>\n\n\n\n<figure class=\"wp-block-image\"><img decoding=\"async\" src=\"http:\/\/denis-meunier.be\/smax\/wp-content\/uploads\/2010\/07\/2326525314.2.jpg\" alt=\"IMG_0816.JPG\"\/><\/figure>\n\n\n\n<figure class=\"wp-block-image\"><img decoding=\"async\" src=\"http:\/\/denis-meunier.be\/smax\/wp-content\/uploads\/2010\/07\/899369955.2.jpg\" alt=\"IMG_0818.JPG\"\/><\/figure>\n\n\n\n<div style=\"text-align: center;\"><a href=\"http:\/\/denis-meunier.be\/smax\/wp-content\/uploads\/2010\/07\/1221457450.2.jpg\" target=\"_blank\"><span style=\"font-size: medium;\"><span style=\"font-size: small;\"> <\/span><\/span><\/a><a href=\"http:\/\/denis-meunier.be\/smax\/wp-content\/uploads\/2010\/07\/448519468.jpg\" target=\"_blank\"> <\/a><\/div>\n\n\n\n<p>Pour garnir un peu, le S-max en haut de la station Les Gets (Morzine Fr)<br>Juin 2010<span style=\"font-size: xx-small;\"><br>(cliquez sur la miniature&nbsp; pour agrandir)<\/span><\/p>\n\n\n\n<p>&nbsp;<\/p>\n\n\n\n<p>&nbsp;<\/p>\n","protected":false},"excerpt":{"rendered":"<p>&nbsp; D\u00e9j\u00e0 quatre ans et plus de 96.000 Km au compteur ! Le temps (et les km ) passe ! En Belgique, le 4me anniversaire du v\u00e9hicule correspond \u00e0 son premier passage oblig\u00e9 au contr\u00f4le technique. Il ne nous a pas sembl\u00e9 utile de pr\u00e9senter le v\u00e9hicule au garage avant cette formalit\u00e9 et cela s&rsquo;est &hellip; <a href=\"https:\/\/denis-meunier.be\/smax\/2010\/07\/29\/controle-technique\/\" class=\"more-link\">Continuer la lecture de <span class=\"screen-reader-text\">Contr\u00f4le technique<\/span><\/a><\/p>\n","protected":false},"author":1,"featured_media":0,"comment_status":"closed","ping_status":"open","sticky":false,"template":"","format":"standard","meta":{"footnotes":""},"categories":[6],"tags":[],"class_list":["post-41","post","type-post","status-publish","format-standard","hentry","category-general"],"_links":{"self":[{"href":"https:\/\/denis-meunier.be\/smax\/wp-json\/wp\/v2\/posts\/41","targetHints":{"allow":["GET"]}}],"collection":[{"href":"https:\/\/denis-meunier.be\/smax\/wp-json\/wp\/v2\/posts"}],"about":[{"href":"https:\/\/denis-meunier.be\/smax\/wp-json\/wp\/v2\/types\/post"}],"author":[{"embeddable":true,"href":"https:\/\/denis-meunier.be\/smax\/wp-json\/wp\/v2\/users\/1"}],"replies":[{"embeddable":true,"href":"https:\/\/denis-meunier.be\/smax\/wp-json\/wp\/v2\/comments?post=41"}],"version-history":[{"count":2,"href":"https:\/\/denis-meunier.be\/smax\/wp-json\/wp\/v2\/posts\/41\/revisions"}],"predecessor-version":[{"id":266,"href":"https:\/\/denis-meunier.be\/smax\/wp-json\/wp\/v2\/posts\/41\/revisions\/266"}],"wp:attachment":[{"href":"https:\/\/denis-meunier.be\/smax\/wp-json\/wp\/v2\/media?parent=41"}],"wp:term":[{"taxonomy":"category","embeddable":true,"href":"https:\/\/denis-meunier.be\/smax\/wp-json\/wp\/v2\/categories?post=41"},{"taxonomy":"post_tag","embeddable":true,"href":"https:\/\/denis-meunier.be\/smax\/wp-json\/wp\/v2\/tags?post=41"}],"curies":[{"name":"wp","href":"https:\/\/api.w.org\/{rel}","templated":true}]}}