{"id":39,"date":"2009-10-30T21:26:00","date_gmt":"2009-10-30T20:26:00","guid":{"rendered":"http:\/\/denis-meunier.be\/smax\/2009\/10\/30\/rassemblement-de-s-max-2\/"},"modified":"2026-02-09T20:38:06","modified_gmt":"2026-02-09T19:38:06","slug":"rassemblement-de-s-max-2","status":"publish","type":"post","link":"https:\/\/denis-meunier.be\/smax\/2009\/10\/30\/rassemblement-de-s-max-2\/","title":{"rendered":"RASSEMBLEMENT DE S-MAX"},"content":{"rendered":"\n<p><strong>\u00a0<figure><img decoding=\"async\" title=\"Cool\" border=\"0\" src=\"http:\/\/denis-meunier.be\/smax\/wp-content\/uploads\/2009\/10\/smiley-cool.8.gif\" alt=\"Cool\"><\/figure> Le rassemblement de <span style=\"color: #ff0000;\"><em>S<\/em><\/span>-Max en Belgique <figure><img decoding=\"async\" title=\"Cool\" border=\"0\" src=\"http:\/\/denis-meunier.be\/smax\/wp-content\/uploads\/2009\/10\/smiley-cool.8.gif\" alt=\"Cool\"><\/figure><\/strong><\/p>\n\n\n\n<p>C&rsquo;\u00e9tait l<strong>e dimanche <span style=\"color: #ff0000; font-size: medium;\">13 d\u00e9cembre 2009<\/span><\/strong>, et nos amis fran\u00e7ais  du <strong><em>Club<span style=\"color: #ff0000;\"> S<\/span>-Max<\/em><\/strong> \u00e9taient bien pr\u00e9sents au rassemblement. R\u00e9sultat final :<strong> 5 voitures Belges<\/strong> et <strong>6 Fran\u00e7aises<\/strong>.<\/p>\n\n\n\n<p><strong>Au <\/strong><span class=\"postbody\"><strong>Programme : <\/strong><\/span><\/p>\n\n\n\n<p><span class=\"postbody\">&#8211; Le Rendez-vous avait \u00e9t\u00e9 fix\u00e9 \u00e0 Beersel (Brabant flamand) sur le parking du Ch\u00e2teau de Beersel ;<br>&#8211; Un petit Quizz permettait aux participants les premiers arriv\u00e9s de patienter jusqu&rsquo;au d\u00e9part pour le Restaurant &lsquo;<strong>3 Fontaines<\/strong>&lsquo;<br>&#8211; Visite de la brasserie \u00ab\u00a0Trois Fontaines\u00a0\u00bb (Drie Fonteinen) et d\u00e9gustations de Kriek, Geuze, Lambik, bi\u00e8res de Beersel &#8230;<br>&#8211; Repas au restaurant &lsquo;Drie Fonteinen&rsquo;, <\/span><span class=\"postbody\"><br>&#8211; Ensuite, ballade dans le <em><strong>&lsquo;Payottenland<\/strong><\/em>&lsquo; en <em><strong>convoi S-Maxien<\/strong><\/em> jusqu&rsquo;au <strong>Ch\u00e2teau Gravenhof<\/strong> (Dworp \/ Beersel ) avec s\u00e9ance de photos des<em><strong> <span style=\"color: #ff0000;\">S<\/span>-Max<\/strong><\/em> sur la cour d&rsquo;honneur du Ch\u00e2teau.<br> &#8211; Derniere collation dans les caves du Ch\u00e2teau avant dislocation.<\/span><\/p>\n\n\n\n<p><span class=\"postbody\">(La veille, quelques amis fran\u00e7ais ont \u00e9t\u00e9 guid\u00e9s dans le centre ville de Bruxelles (march\u00e9 de No\u00ebl, Gran Place &#8230;)<\/span><\/p>\n\n\n\n<p class=\"has-text-align-left\"><span class=\"postbody\"><span style=\"color: #ff0000;\"><span style=\"font-size: small;\"><em>La VID\u00c9O du rassemblement :<\/em><\/span><\/span><\/span><\/p>\n\n\n\n<div><strong><a href=\"http:\/\/www.dailymotion.com\/video\/xbp1x9_bruxelles-decembre-2009_auto\">Bruxelles d\u00e9cembre 2009<\/a><\/strong><br><em>envoy\u00e9 par <a href=\"http:\/\/www.dailymotion.com\/b1phoebe64\">b1phoebe64<\/a>.<a href=\"http:\/\/www.dailymotion.com\/be-fr\/channel\/auto\/featured\/1\"><\/a><\/em><\/div>\n\n\n\n<p class=\"has-text-align-center\">\n<object width=\"480\" height=\"365\" data=\"http:\/\/www.dailymotion.com\/swf\/xbp1x9&amp;related=0\" type=\"application\/x-shockwave-flash\"><param name=\"wmode\" value=\"transparent\"><param name=\"data\" value=\"http:\/\/www.dailymotion.com\/swf\/xbp1x9&amp;related=0\"><param name=\"allowFullScreen\" value=\"true\"><param name=\"allowScriptAccess\" value=\"always\"><param name=\"src\" value=\"http:\/\/www.dailymotion.com\/swf\/xbp1x9&amp;related=0\"><param name=\"allowfullscreen\" value=\"true\"><\/object>\n<\/p>\n\n\n\n<p>&nbsp;<\/p>\n\n\n\n<p class=\"has-text-align-left\"><span class=\"postbody\"><span style=\"color: #000000;\"><em><span style=\"color: #ff0000; font-size: small;\">Quelques    photos du rassemblement<\/span> :<\/em><\/span><\/span><\/p>\n\n\n\n<p class=\"has-text-align-left\"><span class=\"postbody\"><span style=\"color: #000000;\"><em>(Cliquez sur les miniatures pour agrandir)<br> <\/em><\/span><\/span><\/p>\n\n\n\n<figure class=\"wp-block-image\"><a href=\"http:\/\/denis-meunier.be\/smax\/wp-content\/uploads\/2009\/10\/dyn009_original_800_449_jpeg__c7457f1e486fc411ac9a43ed138c0634.jpg\" target=\"_blank\"><img decoding=\"async\" src=\"http:\/\/denis-meunier.be\/smax\/wp-content\/uploads\/2009\/10\/dyn009_small150_800_449_jpeg__c7457f1e486fc411ac9a43ed138c0634.jpg\" alt=\"Img_0596\"\/><\/a><\/figure>\n\n\n\n<p class=\"has-text-align-center\"><a title=\"reims 9 2008\" href=\"http:\/\/denis-meunier.be\/smax\/wp-content\/uploads\/2009\/10\/dyn009_original_800_600_jpeg__aec6047ff7e461d12a8b504f58ae586f.jpg\" target=\"_blank\"><\/a><a title=\"Img_0588\" href=\"http:\/\/denis-meunier.be\/smax\/wp-content\/uploads\/2009\/10\/dyn009_original_800_449_jpeg__74195e888ad682977de2cfbae3c751bb.jpg\" target=\"_blank\"><\/a><a title=\"reims 2008\" href=\"http:\/\/denis-meunier.be\/smax\/wp-content\/uploads\/2009\/10\/dyn009_original_738_554_jpeg__444b9823604b770358653babb78ec752.jpg\" target=\"_blank\"><\/a><\/p>\n\n\n\n<figure class=\"wp-block-image\"><img decoding=\"async\" src=\"http:\/\/denis-meunier.be\/smax\/wp-content\/uploads\/2009\/10\/dyn009_small150_800_449_jpeg__74195e888ad682977de2cfbae3c751bb.jpg\" alt=\"Img_0588\"\/><\/figure>\n\n\n\n<p class=\"has-text-align-center\"><\/p>\n\n\n\n<p class=\"has-text-align-center\"><a title=\"reims 09 2008\" href=\"http:\/\/denis-meunier.be\/smax\/wp-content\/uploads\/2009\/10\/dyn009_original_800_600_jpeg__947aa922280e9d4fc1cd7989d83a89fc.jpg\" target=\"_blank\"><\/a><a title=\"Img_0592\" href=\"http:\/\/denis-meunier.be\/smax\/wp-content\/uploads\/2009\/10\/dyn009_original_800_449_jpeg__9ab9cd8fa4b1d6a71a22932b06a505b8.jpg\" target=\"_blank\"><\/a><\/p>\n\n\n\n<figure class=\"wp-block-image\"><img decoding=\"async\" src=\"http:\/\/denis-meunier.be\/smax\/wp-content\/uploads\/2009\/10\/dyn009_small150_800_449_jpeg__9ab9cd8fa4b1d6a71a22932b06a505b8.jpg\" alt=\"Img_0592\"\/><\/figure>\n\n\n\n<p class=\"has-text-align-center\"><\/p>\n\n\n\n<p class=\"has-text-align-center\">&nbsp;<\/p>\n\n\n\n<p class=\"has-text-align-center\">&nbsp;<\/p>\n\n\n\n<p class=\"has-text-align-center\">&nbsp;<\/p>\n\n\n\n<p class=\"has-text-align-center\">&nbsp;<\/p>\n\n\n\n<p class=\"has-text-align-center\">&nbsp;<\/p>\n\n\n\n<figure class=\"wp-block-image\"><a href=\"http:\/\/denis-meunier.be\/smax\/wp-content\/uploads\/2009\/10\/dyn009_original_800_449_jpeg__af7b8cfe0c7b7f9051da3b33c4fe6fd7.jpg\" target=\"_blank\"><img decoding=\"async\" src=\"http:\/\/denis-meunier.be\/smax\/wp-content\/uploads\/2009\/10\/dyn009_small150_800_449_jpeg__af7b8cfe0c7b7f9051da3b33c4fe6fd7.jpg\" alt=\"Img_0597\"\/><\/a><\/figure>\n\n\n\n<figure class=\"wp-block-image\"><a href=\"http:\/\/denis-meunier.be\/smax\/wp-content\/uploads\/2009\/10\/dyn009_original_800_449_jpeg__b97f995ec03338dab22e8a32047379b1.jpg\" target=\"_blank\"><img decoding=\"async\" src=\"http:\/\/denis-meunier.be\/smax\/wp-content\/uploads\/2009\/10\/dyn009_small150_800_449_jpeg__b97f995ec03338dab22e8a32047379b1.jpg\" alt=\"Img_0600\"\/><\/a><\/figure>\n\n\n\n<figure class=\"wp-block-image\"><a href=\"http:\/\/denis-meunier.be\/smax\/wp-content\/uploads\/2009\/10\/dyn009_original_800_449_jpeg__9b2d61f9cd82e364435821e0a9781947.jpg\" target=\"_blank\"><img decoding=\"async\" src=\"http:\/\/denis-meunier.be\/smax\/wp-content\/uploads\/2009\/10\/dyn009_small150_800_449_jpeg__9b2d61f9cd82e364435821e0a9781947.jpg\" alt=\"Img_0603\"\/><\/a><\/figure>\n\n\n\n<p class=\"has-text-align-center\"><span class=\"postbody\"><span style=\"color: #000000;\"><em><strong><a title=\"Ermenonville\" href=\"http:\/\/denis-meunier.be\/smax\/wp-content\/uploads\/2009\/10\/dyn010_original_800_533_jpeg_2569915_6c79bfc3715abf13893e84296966510d.jpg\" target=\"_blank\"><\/a><a title=\"Ermenonville3\" href=\"http:\/\/denis-meunier.be\/smax\/wp-content\/uploads\/2009\/10\/dyn009_original_648_486_jpeg_2569915_97661af9520aa54ce16ba96b3d0dd588.jpg\" target=\"_blank\"><\/a><br> <\/strong><\/em><\/span><\/span><\/p>\n\n\n\n<p class=\"has-text-align-center\">&nbsp;<\/p>\n\n\n\n<p class=\"has-text-align-center\">&nbsp;<\/p>\n\n\n\n<p class=\"has-text-align-center\">&nbsp;<\/p>\n\n\n\n<p class=\"has-text-align-center\"><span class=\"postbody\"><span style=\"color: #000000;\"><em><strong>Inscrivez-vous au CLUB&nbsp;<a title=\"Cliquez ICI\" href=\"http:\/\/www.club-smax.fr\" target=\"_blank\"><span style=\"font-size: medium;\"> <span style=\"font-size: x-small;\">ICI<\/span><\/span><\/a><\/strong><\/em><\/span><\/span><\/p>\n\n\n\n<p class=\"has-text-align-left\"><span class=\"postbody\"><span style=\"color: #000000;\"><em><strong><span style=\"font-size: medium;\"><span style=\"font-size: x-small;\"><span style=\"font-size: small;\">et encore d&rsquo;autres photos de cette journ\u00e9e <a title=\"Sur le sujet, dans le farum.\" href=\"http:\/\/s-max.bbfr.net\/sorties-et-rencontres-f23\/visite-d-une-brasserie-a-beersel-belgique-13-12-2009-t2916-195.htm\" target=\"_blank\">ICI<\/a><\/span><br><\/span><\/span><\/strong><\/em><\/span><\/span><\/p>\n","protected":false},"excerpt":{"rendered":"<p>\u00a0 Le rassemblement de S-Max en Belgique C&rsquo;\u00e9tait le dimanche 13 d\u00e9cembre 2009, et nos amis fran\u00e7ais du Club S-Max \u00e9taient bien pr\u00e9sents au rassemblement. R\u00e9sultat final : 5 voitures Belges et 6 Fran\u00e7aises. Au Programme : &#8211; Le Rendez-vous avait \u00e9t\u00e9 fix\u00e9 \u00e0 Beersel (Brabant flamand) sur le parking du Ch\u00e2teau de Beersel ;&#8211; &hellip; <a href=\"https:\/\/denis-meunier.be\/smax\/2009\/10\/30\/rassemblement-de-s-max-2\/\" class=\"more-link\">Continuer la lecture de <span class=\"screen-reader-text\">RASSEMBLEMENT DE S-MAX<\/span><\/a><\/p>\n","protected":false},"author":1,"featured_media":0,"comment_status":"closed","ping_status":"open","sticky":false,"template":"","format":"standard","meta":{"footnotes":""},"categories":[6],"tags":[],"class_list":["post-39","post","type-post","status-publish","format-standard","hentry","category-general"],"_links":{"self":[{"href":"https:\/\/denis-meunier.be\/smax\/wp-json\/wp\/v2\/posts\/39","targetHints":{"allow":["GET"]}}],"collection":[{"href":"https:\/\/denis-meunier.be\/smax\/wp-json\/wp\/v2\/posts"}],"about":[{"href":"https:\/\/denis-meunier.be\/smax\/wp-json\/wp\/v2\/types\/post"}],"author":[{"embeddable":true,"href":"https:\/\/denis-meunier.be\/smax\/wp-json\/wp\/v2\/users\/1"}],"replies":[{"embeddable":true,"href":"https:\/\/denis-meunier.be\/smax\/wp-json\/wp\/v2\/comments?post=39"}],"version-history":[{"count":3,"href":"https:\/\/denis-meunier.be\/smax\/wp-json\/wp\/v2\/posts\/39\/revisions"}],"predecessor-version":[{"id":269,"href":"https:\/\/denis-meunier.be\/smax\/wp-json\/wp\/v2\/posts\/39\/revisions\/269"}],"wp:attachment":[{"href":"https:\/\/denis-meunier.be\/smax\/wp-json\/wp\/v2\/media?parent=39"}],"wp:term":[{"taxonomy":"category","embeddable":true,"href":"https:\/\/denis-meunier.be\/smax\/wp-json\/wp\/v2\/categories?post=39"},{"taxonomy":"post_tag","embeddable":true,"href":"https:\/\/denis-meunier.be\/smax\/wp-json\/wp\/v2\/tags?post=39"}],"curies":[{"name":"wp","href":"https:\/\/api.w.org\/{rel}","templated":true}]}}