{"id":38,"date":"2009-08-26T10:40:00","date_gmt":"2009-08-26T08:40:00","guid":{"rendered":"http:\/\/denis-meunier.be\/smax\/2009\/08\/26\/3-ans-de-s-max\/"},"modified":"2026-02-09T20:39:07","modified_gmt":"2026-02-09T19:39:07","slug":"3-ans-de-s-max","status":"publish","type":"post","link":"https:\/\/denis-meunier.be\/smax\/2009\/08\/26\/3-ans-de-s-max\/","title":{"rendered":"3 ans de S-Max"},"content":{"rendered":"\n<p><strong>&nbsp;<\/strong><\/p>\n\n\n\n<p>Apr\u00e8s trois ans d&rsquo;utilisation du <strong><em><span style=\"color: #ff0000;\">S<\/span><\/em>-Max<\/strong> (et +\/- 70.000 km) voici le temps venu d&rsquo;un bilan.<\/p>\n\n\n\n<h2 class=\"wp-block-heading\">Les contacts avec <span style=\"color: #0000ff;\">Ford<\/span> :<\/h2>\n\n\n\n<p>Apr\u00e8s de tr\u00e8s p\u00e9nibles contacts avec \u00ab\u00a0Ford Maison M\u00e8re\u00a0\u00bb &#8211; Service apr\u00e8s-Vente, principalement&nbsp;au sujet du non fonctionnement du syst\u00e8me &lsquo;Travel Pilot&rsquo; et la fonction GSM, j&rsquo;ai compris que je devrai bien me contenter du fonctionnement al\u00e9atoire et insatisfaisant de ce mat\u00e9riel.<\/p>\n\n\n\n<p>Pour raisons de facilit\u00e9s personnelles, j&rsquo;ai aussi chang\u00e9 de concessionnaire. L&rsquo;entreprise actuelle est plus petite, locale et \u00e0 mon agr\u00e9able surprise, les prix qu&rsquo;il pratique lors des entretiens sont remarquablement moins \u00e9lev\u00e9s (voir le d\u00e9tail de toutes mes&nbsp;factures <a title=\"Cliquez ici pour le d\u00e9tail de mes factures\" href=\"http:\/\/smax.skynetblogs.be\/post\/5510821\/le-cout-du-smax-au-garage\" target=\"_blank\">ICI<\/a> ) Son service est \u00e9galement plus &lsquo;personnel&rsquo; et ses heures d&rsquo;ouvertures me conviennent mieux.<\/p>\n\n\n\n<h2 class=\"wp-block-heading\">&nbsp;Le <em><span style=\"color: #ff0000;\">S<\/span><\/em>-Max :<\/h2>\n\n\n\n<h3 class=\"wp-block-heading\">Ce que j&rsquo;appr\u00e9cie :<\/h3>\n\n\n\n<ul class=\"wp-block-list\">\n<li><strong>Le confort <\/strong>: Quel plaisir de parcourir des centaines de Km et \u00e0 l&rsquo;arriv\u00e9e, de se sentir &#8230; tout simplement\u00a0 <strong>BIEN ! <\/strong>Le moteur se fait juste entendre, ce qu&rsquo;il faut, sans d\u00e9ranger les conversations ou l&rsquo;\u00e9coute de la musique. Les si\u00e8ges avant vous soutiennent correctement tandis qu&rsquo;\u00e0 l&rsquo;arri\u00e8re, les passagers disposent d&rsquo;une place plus que suffisante (je n&rsquo;ai pas de troisi\u00e8me rang de si\u00e8ges). La suspension a gagn\u00e9 en confort lors du remplacement des jantes 18&Prime; par des jantes 16&Prime; et pneumatiques Michelin.<\/li>\n\n\n\n<li><strong>La position de conduite :<\/strong> J&rsquo;appr\u00e9cie particuli\u00e8rement cette position de conduite, plus haute que dans un v\u00e9hicule traditionnel. La visibilit\u00e9 pour le chauffeur, est tr\u00e8s bonne en r\u00e8gle g\u00e9n\u00e9rale.<\/li>\n\n\n\n<li><strong>Les performance<\/strong> de ce <em>&lsquo;petit&rsquo;<\/em> moteur (1,8 TDci 125 CV) qui convient parfaitement \u00e0 mon style de conduite ; souple et suffisamment r\u00e9actif quand il le faut. Sur le plan de la consommation, il reste relativement sobre : +\/- 7 litres\/100 Km (voir le d\u00e9tail de ma consommation depuis l&rsquo;achat <a title=\"La consommation de mon S-Max depuis son achat\" href=\"http:\/\/smax.skynetblogs.be\/post\/4834806\/et-si-on-parlait-consommation-\" target=\"_blank\">ICI <\/a>)<\/li>\n\n\n\n<li><strong>L&rsquo;esth\u00e9tique et l&rsquo;aspect sportif<\/strong> ; il faut bien dire que Ford a r\u00e9ussi un v\u00e9hicule avec une ligne moderne et peu \u00e9gal\u00e9e dans d&rsquo;autres marques.<\/li>\n<\/ul>\n\n\n\n<h3 class=\"wp-block-heading\">Ce que j&rsquo;appr\u00e9cie moins ou m\u00eame nettement moins :<\/h3>\n\n\n\n<ul class=\"wp-block-list\">\n<li><strong>Le fonctionnement tr\u00e8s all\u00e9atoire des GSM<\/strong> et le manque de r\u00e9action du constructeur au sujet de mes plaintes (probl\u00e8me toujours non r\u00e9solu et laiss\u00e9 sans suite)<\/li>\n\n\n\n<li><strong>Le manque de fiabilit\u00e9 de la partie \u00e9lectronique<\/strong> (Ordinateur de Bord). <br><span style=\"text-decoration: underline;\">Exemple<\/span> : A plusieurs reprises, alors que l&rsquo;on roule sur une belle route, sans acc\u00e9l\u00e9ration ou ralentissement, es t\u00e9moins du tableau de bord s&rsquo;illuminent : jauge de carburant&#8230; et alerte niveau de carburant. Cela ne dure que quelques secondes puis tout refonctionne normalement (sauf peut-\u00eatre le calcul de la consommation qui indique alors une consommation tr\u00e8s inf\u00e9rieure \u00e0 la normale (de l&rsquo;ordre de 3 \u00e0 4 L\/100 Km ) Le fait a \u00e9t\u00e9 signal\u00e9 au garage mais sans grande r\u00e9action jusqu&rsquo;\u00e0 pr\u00e9sent.<\/li>\n\n\n\n<li><strong>Le bruit des porti\u00e8res lors de la fermeture<\/strong> : D\u00e9tail peut-\u00eatre mais je n&rsquo;appr\u00e9cie pas tellement ce bruit &lsquo;creux&rsquo; qui accompagne la fermeture des porti\u00e8res ; \u00e0 Bruxelles, on dirait &lsquo;Cela fait &lsquo;VLEK &lsquo;<\/li>\n\n\n\n<li><strong>La qualit\u00e9 des mati\u00e8res plastiques<\/strong> : Ces plastiques se griffent tr\u00e8s facilement aux moindres contacts d&rsquo;objets&#8230;\u00a0Les parois\u00a0du\u00a0coffre arri\u00e8re sont particuli\u00e8rement fines et fragiles. Sur certains plastiques, les indications (dessins) s&rsquo;effacent (boutons de la radio).<\/li>\n\n\n\n<li><strong>La qualit\u00e9 du cuir des si\u00e8ges<\/strong> ; d\u00e9j\u00e0 apr\u00e8s un an, ce dernier pr\u00e9sentait des &lsquo;craquelures&rsquo; Interrog\u00e9 \u00e0 ce sujet, le concessionnaire m&rsquo;a dit que c&rsquo;\u00e9tait le viellissemnet normal. N&#8217;emp\u00eache que je n&rsquo;ai jamais rencontr\u00e9 ce probl\u00e8me ailleurs.<\/li>\n\n\n\n<li><strong>Le manque de confiance g\u00e9n\u00e9ral<\/strong> en ce v\u00e9hicule ; presque chaque fois lors de nos vacances, nous avons eu \u00e0 subir des pannes : GSM, Air conditionn\u00e9 &#8230; ( en d\u00e9tail <a title=\"Voir toutes les pannes de mon S-Max\" href=\"http:\/\/smax.skynetblogs.be\/post\/5246364\/tous-les-problemes-depuis-lachat-de-mon-smax\" target=\"_blank\">ICI<\/a> )<\/li>\n\n\n\n<li><br><p><strong>Le prix de reprise<\/strong> qu&rsquo;on me donne apr\u00e8s trois ans : moins de 12.000 \u20ac pour un v\u00e9hicule de 32.000 \u20ac\u00a0 \u00a0<img decoding=\"async\" title=\"En pleurs\" border=\"0\" src=\"http:\/\/denis-meunier.be\/smax\/wp-content\/uploads\/2009\/08\/smiley-cry.7.gif\" alt=\"En pleurs\"><\/p><br><\/li>\n<\/ul>\n\n\n\n<h3 class=\"wp-block-heading\">Conclusions :<\/h3>\n\n\n\n<p>Notre <em><strong><span style=\"color: #ff0000;\">S<\/span>-Max<\/strong><\/em> \u00e0 maintenant trois ans ; nous avons pris une extension de garantie de 5 ans (2 ans + 3 ans) \/ 100.000 Km. Nous allons remplacer ce v\u00e9hicule d\u00e8s qu&rsquo;il aura atteint 90.000 Km. De ce fait, le nouveau propri\u00e9taire b\u00e9n\u00e9ficiera encore d&rsquo;une garantie de 10.000 Km. En ce qui concerne notre choix pour le v\u00e9hicule de remplacement, nous observons ce qui est disponible sur le march\u00e9 mais ce qui est certain, nous n&rsquo;ach\u00e8terons plus jamais un mod\u00e8le de v\u00e9hicule qui vient de sortir.<\/p>\n","protected":false},"excerpt":{"rendered":"<p>&nbsp; Apr\u00e8s trois ans d&rsquo;utilisation du S-Max (et +\/- 70.000 km) voici le temps venu d&rsquo;un bilan. Les contacts avec Ford : Apr\u00e8s de tr\u00e8s p\u00e9nibles contacts avec \u00ab\u00a0Ford Maison M\u00e8re\u00a0\u00bb &#8211; Service apr\u00e8s-Vente, principalement&nbsp;au sujet du non fonctionnement du syst\u00e8me &lsquo;Travel Pilot&rsquo; et la fonction GSM, j&rsquo;ai compris que je devrai bien me contenter &hellip; <a href=\"https:\/\/denis-meunier.be\/smax\/2009\/08\/26\/3-ans-de-s-max\/\" class=\"more-link\">Continuer la lecture de <span class=\"screen-reader-text\">3 ans de S-Max<\/span><\/a><\/p>\n","protected":false},"author":1,"featured_media":0,"comment_status":"closed","ping_status":"open","sticky":false,"template":"","format":"standard","meta":{"footnotes":""},"categories":[6],"tags":[],"class_list":["post-38","post","type-post","status-publish","format-standard","hentry","category-general"],"_links":{"self":[{"href":"https:\/\/denis-meunier.be\/smax\/wp-json\/wp\/v2\/posts\/38","targetHints":{"allow":["GET"]}}],"collection":[{"href":"https:\/\/denis-meunier.be\/smax\/wp-json\/wp\/v2\/posts"}],"about":[{"href":"https:\/\/denis-meunier.be\/smax\/wp-json\/wp\/v2\/types\/post"}],"author":[{"embeddable":true,"href":"https:\/\/denis-meunier.be\/smax\/wp-json\/wp\/v2\/users\/1"}],"replies":[{"embeddable":true,"href":"https:\/\/denis-meunier.be\/smax\/wp-json\/wp\/v2\/comments?post=38"}],"version-history":[{"count":2,"href":"https:\/\/denis-meunier.be\/smax\/wp-json\/wp\/v2\/posts\/38\/revisions"}],"predecessor-version":[{"id":270,"href":"https:\/\/denis-meunier.be\/smax\/wp-json\/wp\/v2\/posts\/38\/revisions\/270"}],"wp:attachment":[{"href":"https:\/\/denis-meunier.be\/smax\/wp-json\/wp\/v2\/media?parent=38"}],"wp:term":[{"taxonomy":"category","embeddable":true,"href":"https:\/\/denis-meunier.be\/smax\/wp-json\/wp\/v2\/categories?post=38"},{"taxonomy":"post_tag","embeddable":true,"href":"https:\/\/denis-meunier.be\/smax\/wp-json\/wp\/v2\/tags?post=38"}],"curies":[{"name":"wp","href":"https:\/\/api.w.org\/{rel}","templated":true}]}}