{"id":35,"date":"2009-02-23T12:49:00","date_gmt":"2009-02-23T11:49:00","guid":{"rendered":"http:\/\/denis-meunier.be\/smax\/2009\/02\/23\/rassemblement-de-s-max\/"},"modified":"2018-05-04T11:49:52","modified_gmt":"2018-05-04T09:49:52","slug":"rassemblement-de-s-max","status":"publish","type":"post","link":"https:\/\/denis-meunier.be\/smax\/2009\/02\/23\/rassemblement-de-s-max\/","title":{"rendered":"Rassemblement de S-Max"},"content":{"rendered":"<table border=\"1\" cellspacing=\"0\" width=\"100%\" align=\"center\" bgcolor=\"#0099ff\">\n<tbody>\n<tr>\n<td>\n<div>\n<div style=\"text-align: center;\"><span style=\"font-family: Arial,Helvetica,sans-serif;\"><span style=\"font-size: x-small;\"><span style=\"font-size: x-small;\"><strong><a title=\"La description de mon S-MAX\" href=\"http:\/\/smax.skynetblogs.be\/mon-s-max\/\" target=\"_blank\"><span style=\"font-size: x-small; color: #ffffff; font-family: Arial,Helvetica,sans-serif;\"><strong>Mon            S-Max<\/strong><\/span><\/a><\/strong><\/span><\/span><\/span><\/div>\n<\/div>\n<\/td>\n<td>\n<div>\n<div style=\"text-align: center;\"><span style=\"font-family: Arial,Helvetica,sans-serif;\"><span style=\"font-size: x-small;\"><span style=\"font-size: x-small;\"><strong><a title=\"O\u00f9 trouver de l'aide, des renseignements ... au sujet du S-MAX\" href=\"http:\/\/smax.skynetblogs.be\/aide-s-max\/\" target=\"_blank\"><span style=\"font-size: x-small; color: #ffffff; font-family: Arial,Helvetica,sans-serif;\"><strong>Aide            S-Max<\/strong><\/span><\/a><\/strong><\/span><\/span><\/span><\/div>\n<\/div>\n<\/td>\n<td>\n<div>\n<div style=\"text-align: center;\"><span style=\"font-family: Arial,Helvetica,sans-serif;\"><span style=\"font-size: x-small;\"><span style=\"font-size: x-small;\"><strong><a title=\"Les probl\u00e8mes rencontr\u00e9s avec mon S-MAX\" href=\"http:\/\/smax.skynetblogs.be\/problemes\/\" target=\"_blank\"><span style=\"font-size: x-small; color: #ffffff; font-family: Arial,Helvetica,sans-serif;\"><strong>Probl\u00e8mes<\/strong><\/span><\/a><\/strong><\/span><\/span><\/span><\/div>\n<\/div>\n<\/td>\n<td>\n<div>\n<div style=\"text-align: center;\"><a title=\"Les accessoires de mon S-Max\" href=\"http:\/\/smax.skynetblogs.be\/accessoires\/\" target=\"_blank\"><span style=\"font-size: x-small; color: #ffffff; font-family: Arial,Helvetica,sans-serif;\"><strong>Accessoires<\/strong><\/span><\/a><\/div>\n<\/div>\n<\/td>\n<td>\n<div>\n<div style=\"text-align: center;\"><span style=\"font-family: Arial,Helvetica,sans-serif;\"><span style=\"font-size: x-small;\"><span style=\"font-size: x-small;\"><strong><a title=\"Les articles traitant du comportement du S-MAX sur la route , consommation, ...\" href=\"http:\/\/smax.skynetblogs.be\/sur-la-route\/\"><span style=\"font-size: x-small; color: #ffffff; font-family: Arial,Helvetica,sans-serif;\"><strong>Sur            la Route<\/strong><\/span><\/a><\/strong><\/span><\/span><\/span><\/div>\n<\/div>\n<\/td>\n<td>\n<div>\n<div style=\"text-align: center;\"><span style=\"font-family: Arial,Helvetica,sans-serif;\"><span style=\"font-size: x-small;\"><span style=\"font-size: x-small;\"><strong><a title=\"Les autres articles du Blog \" href=\"http:\/\/smax.skynetblogs.be\/general\/\" target=\"_blank\"><span style=\"font-size: x-small; color: #ffffff; font-family: Arial,Helvetica,sans-serif;\"><strong>G\u00e9n\u00e9ral<\/strong><\/span><\/a><\/strong><\/span><\/span><\/span><\/div>\n<\/div>\n<\/td>\n<\/tr>\n<\/tbody>\n<\/table>\n<p><strong>&nbsp;<\/strong><\/p>\n<p><img loading=\"lazy\" decoding=\"async\" style=\"display: block; margin-left: auto; margin-right: auto;\" src=\"http:\/\/img371.imageshack.us\/img371\/9522\/bansmaxv42vo.jpg\" border=\"0\" alt=\"Le Club du S-Max\" width=\"473\" height=\"70\" align=\"absmiddle\" \/><\/p>\n<p style=\"text-align: left;\"><span style=\"font-size: small;\">Ce 22 f\u00e9vrier 2009, <span style=\"color: #800000;\"><strong>12 propri\u00e9taires de S-Max<\/strong><\/span> se sont retrouv\u00e9s \u00e0 Ermenonville (<em>FR &#8211; R\u00e9gion Parisienne<\/em>) pour un bon repas, dans une ambiance chaleureuse et amicale.<\/span><\/p>\n<p style=\"text-align: left;\"><span style=\"font-size: small;\">A mon humble avis, cette &lsquo;r\u00e9union&rsquo; refl\u00e9tait assez bien le profil g\u00e9n\u00e9ral du propri\u00e9taire de S-Max :<\/span><\/p>\n<p style=\"text-align: left;\"><span style=\"font-size: small;\">&#8211; Jeune couple avec enfant(s)<\/span><span style=\"font-size: small;\"><em> <span style=\"font-size: x-small;\">(m\u00eame si nous ne pouvons nous situer dans cette cat\u00e9gorie&nbsp; <img decoding=\"async\" title=\"En pleurs\" src=\"http:\/\/denis-meunier.be\/smax\/wp-content\/uploads\/2009\/02\/smiley-cry.6.gif\" border=\"0\" alt=\"En pleurs\" \/> nous, ce serait &#8230; vieux couple avec grand chien&#8230;<img decoding=\"async\" title=\"Rigolant\" src=\"http:\/\/denis-meunier.be\/smax\/wp-content\/uploads\/2009\/02\/smiley-laughing.4.gif\" border=\"0\" alt=\"Rigolant\" \/> )<\/span><\/em><\/span><span style=\"font-size: small;\">, aimant le <strong>confort<\/strong>, l&rsquo;<strong>espace<\/strong>, l&rsquo;allure sportive du v\u00e9hicule, &#8230;&nbsp;<\/span><\/p>\n<p style=\"text-align: left;\"><span style=\"font-size: small;\">Quelques photos de cette journ\u00e9e ICI :<\/span> <span style=\"font-size: x-small;\">(<em>cliquez sur la photo<\/em>)<\/span><\/p>\n<p style=\"text-align: center;\"><a title=\"Cliquez ICI pour voir les photos\" href=\"http:\/\/cid-8566dbf54eadcc10.skydrive.live.com\/play.aspx\/Ermenonville%20le%2022%20f%c3%a9vrier%202009?ref=1\" target=\"_blank\"><img decoding=\"async\" src=\"http:\/\/denis-meunier.be\/smax\/wp-content\/uploads\/2009\/02\/dyn010_original_972_391_jpeg__8ae706a883963300299e9bfc67446167.jpg\" border=\"0\" alt=\"rasso220209_1\" \/><\/a><\/p>\n<p style=\"text-align: left;\"><span style=\"font-size: small;\">&nbsp;&nbsp; ou encore plus d&rsquo;autres photos sur le forum : cliquez -&gt; <strong><a title=\"Sur le Forum du Club Smax\" href=\"http:\/\/s-max.bbfr.net\/sorties-et-rencontres-f23\/dimanche-22-fevrier-2009-a-ermenonville-t1979-165.htm\" target=\"_blank\">ICI<\/a><\/strong><\/span><\/p>\n<p style=\"text-align: left;\"><span style=\"font-size: small;\">Cette r\u00e9union a \u00e9t\u00e9 organis\u00e9e par un membre du<strong><span style=\"color: #800000;\"> <\/span><span style=\"color: #800000;\">&lsquo;<a title=\"Visitez le Forum du Club\" href=\"http:\/\/club-smax.fr\" target=\"_self\">Club S-Max<\/a><\/span><\/strong><strong>&lsquo;<\/strong>, Phoebe, que nous remercions vivement pour cette organisation et nous avoir fait d\u00e9couvrir ce petit coin de la France qui m\u00e9rite r\u00e9ellement le d\u00e9tour.<\/span><\/p>\n","protected":false},"excerpt":{"rendered":"<p>Mon S-Max Aide S-Max Probl\u00e8mes Accessoires Sur la Route G\u00e9n\u00e9ral &nbsp; Ce 22 f\u00e9vrier 2009, 12 propri\u00e9taires de S-Max se sont retrouv\u00e9s \u00e0 Ermenonville (FR &#8211; R\u00e9gion Parisienne) pour un bon repas, dans une ambiance chaleureuse et amicale. A mon humble avis, cette &lsquo;r\u00e9union&rsquo; refl\u00e9tait assez bien le profil g\u00e9n\u00e9ral du propri\u00e9taire de S-Max : &hellip; <a href=\"https:\/\/denis-meunier.be\/smax\/2009\/02\/23\/rassemblement-de-s-max\/\" class=\"more-link\">Continuer la lecture de <span class=\"screen-reader-text\">Rassemblement de S-Max<\/span><\/a><\/p>\n","protected":false},"author":1,"featured_media":0,"comment_status":"closed","ping_status":"open","sticky":false,"template":"","format":"standard","meta":{"footnotes":""},"categories":[6],"tags":[],"class_list":["post-35","post","type-post","status-publish","format-standard","hentry","category-general"],"_links":{"self":[{"href":"https:\/\/denis-meunier.be\/smax\/wp-json\/wp\/v2\/posts\/35","targetHints":{"allow":["GET"]}}],"collection":[{"href":"https:\/\/denis-meunier.be\/smax\/wp-json\/wp\/v2\/posts"}],"about":[{"href":"https:\/\/denis-meunier.be\/smax\/wp-json\/wp\/v2\/types\/post"}],"author":[{"embeddable":true,"href":"https:\/\/denis-meunier.be\/smax\/wp-json\/wp\/v2\/users\/1"}],"replies":[{"embeddable":true,"href":"https:\/\/denis-meunier.be\/smax\/wp-json\/wp\/v2\/comments?post=35"}],"version-history":[{"count":1,"href":"https:\/\/denis-meunier.be\/smax\/wp-json\/wp\/v2\/posts\/35\/revisions"}],"predecessor-version":[{"id":107,"href":"https:\/\/denis-meunier.be\/smax\/wp-json\/wp\/v2\/posts\/35\/revisions\/107"}],"wp:attachment":[{"href":"https:\/\/denis-meunier.be\/smax\/wp-json\/wp\/v2\/media?parent=35"}],"wp:term":[{"taxonomy":"category","embeddable":true,"href":"https:\/\/denis-meunier.be\/smax\/wp-json\/wp\/v2\/categories?post=35"},{"taxonomy":"post_tag","embeddable":true,"href":"https:\/\/denis-meunier.be\/smax\/wp-json\/wp\/v2\/tags?post=35"}],"curies":[{"name":"wp","href":"https:\/\/api.w.org\/{rel}","templated":true}]}}