{"id":34,"date":"2009-04-06T09:08:00","date_gmt":"2009-04-06T07:08:00","guid":{"rendered":"http:\/\/denis-meunier.be\/smax\/2009\/04\/06\/nouvelles-jantes-et-nouveaux-pneus\/"},"modified":"2018-05-04T11:49:50","modified_gmt":"2018-05-04T09:49:50","slug":"nouvelles-jantes-et-nouveaux-pneus","status":"publish","type":"post","link":"https:\/\/denis-meunier.be\/smax\/2009\/04\/06\/nouvelles-jantes-et-nouveaux-pneus\/","title":{"rendered":"Nouvelles jantes et nouveaux pneus"},"content":{"rendered":"<table border=\"1\" cellspacing=\"0\" width=\"100%\" align=\"center\" bgcolor=\"#0099ff\">\n<tbody>\n<tr>\n<td>\n<div>\n<div style=\"text-align: center;\"><span style=\"font-family: Arial,Helvetica,sans-serif;\"><span style=\"font-size: x-small;\"><span style=\"font-size: x-small;\"><strong><a title=\"La description de mon S-MAX\" href=\"http:\/\/smax.skynetblogs.be\/mon-s-max\/\" target=\"_blank\"><span style=\"font-size: x-small; color: #ffffff; font-family: Arial,Helvetica,sans-serif;\"><strong>Mon            S-Max<\/strong><\/span><\/a><\/strong><\/span><\/span><\/span><\/div>\n<\/div>\n<\/td>\n<td>\n<div>\n<div style=\"text-align: center;\"><span style=\"font-family: Arial,Helvetica,sans-serif;\"><span style=\"font-size: x-small;\"><span style=\"font-size: x-small;\"><strong><a title=\"O\u00f9 trouver de l'aide, des renseignements ... au sujet du S-MAX\" href=\"http:\/\/smax.skynetblogs.be\/aide-s-max\/\" target=\"_blank\"><span style=\"font-size: x-small; color: #ffffff; font-family: Arial,Helvetica,sans-serif;\"><strong>Aide            S-Max<\/strong><\/span><\/a><\/strong><\/span><\/span><\/span><\/div>\n<\/div>\n<\/td>\n<td>\n<div>\n<div style=\"text-align: center;\"><span style=\"font-family: Arial,Helvetica,sans-serif;\"><span style=\"font-size: x-small;\"><span style=\"font-size: x-small;\"><strong><a title=\"Les probl\u00e8mes rencontr\u00e9s avec mon S-MAX\" href=\"http:\/\/smax.skynetblogs.be\/problemes\/\" target=\"_blank\"><span style=\"font-size: x-small; color: #ffffff; font-family: Arial,Helvetica,sans-serif;\"><strong>Probl\u00e8mes<\/strong><\/span><\/a><\/strong><\/span><\/span><\/span><\/div>\n<\/div>\n<\/td>\n<td>\n<div>\n<div style=\"text-align: center;\"><a title=\"Les accessoires de mon S-Max\" href=\"http:\/\/smax.skynetblogs.be\/accessoires\/\" target=\"_blank\"><span style=\"font-size: x-small; color: #ffffff; font-family: Arial,Helvetica,sans-serif;\"><strong>Accessoires<\/strong><\/span><\/a><\/div>\n<\/div>\n<\/td>\n<td>\n<div>\n<div style=\"text-align: center;\"><span style=\"font-family: Arial,Helvetica,sans-serif;\"><span style=\"font-size: x-small;\"><span style=\"font-size: x-small;\"><strong><a title=\"Les articles traitant du comportement du S-MAX sur la route , consommation, ...\" href=\"http:\/\/smax.skynetblogs.be\/sur-la-route\/\"><span style=\"font-size: x-small; color: #ffffff; font-family: Arial,Helvetica,sans-serif;\"><strong>Sur            la Route<\/strong><\/span><\/a><\/strong><\/span><\/span><\/span><\/div>\n<\/div>\n<\/td>\n<td>\n<div>\n<div style=\"text-align: center;\"><span style=\"font-family: Arial,Helvetica,sans-serif;\"><span style=\"font-size: x-small;\"><span style=\"font-size: x-small;\"><strong><a title=\"Les autres articles du Blog \" href=\"http:\/\/smax.skynetblogs.be\/general\/\" target=\"_blank\"><span style=\"font-size: x-small; color: #ffffff; font-family: Arial,Helvetica,sans-serif;\"><strong>G\u00e9n\u00e9ral<\/strong><\/span><\/a><\/strong><\/span><\/span><\/span><\/div>\n<\/div>\n<\/td>\n<\/tr>\n<\/tbody>\n<\/table>\n<p><strong>&nbsp;<\/strong><\/p>\n<p>Ce vendredi 3 avril 2009, mon S-Max a b\u00e9n\u00e9fici\u00e9 de nouvelles <em><strong>chaussures&nbsp;<\/strong><\/em><img decoding=\"async\" title=\"Cool\" src=\"http:\/\/denis-meunier.be\/smax\/wp-content\/uploads\/2009\/04\/smiley-cool.3.gif\" border=\"0\" alt=\"Cool\" \/> !!!<\/p>\n<p>(Mes jantes 18&Prime; Y Ford, sont parties vers le pays du soleil, Saint Paul de Vence &#8211; voir les photos sur le v\u00e9hicule du nouveau propri\u00e9taire : <a title=\"Sur le Blog du Club du S-Max\" href=\"http:\/\/s-max.bbfr.net\/vente-pieces-detachees-f14\/vends-jantes-alu-titanium-18-d-occasion-t1889-45.htm\" target=\"_blank\"><span style=\"color: #800000;\"><strong>ICI<\/strong><\/span><\/a>)<\/p>\n<ul>\n<li>Nouvelles jantes en aluminium Bi-tonalit\u00e9 de marque AEZ type Inteso Drk 16&Prime;<\/li>\n<li>Nouveaux pneus Michelin Primacy 215\/60 R16 99H<\/li>\n<\/ul>\n<p>Ce choix s&rsquo;est op\u00e9r\u00e9 apr\u00e8s une demande de prix au Concessionnaire Ford (pour des jantes 16&Prime; Ford et pneus Michelin Primacy) et de deux revendeurs sp\u00e9cialis\u00e9s en pneumatiques.<\/p>\n<p>Les prix obtenus (demande de d\u00e9cembre 2008) pour chaque fois la m\u00eame demande \u00e9taient de :<\/p>\n<p style=\"padding-left: 30px;\">&#8211; +\/- 1600 \u20ac en concession Ford,<br \/>&#8211; +\/- 1400 \u20ac chez un premier sp\u00e9cialiste pneumatiques,<br \/>&#8211; +\/- 1200 \u20ac chez <span style=\"color: #0000ff;\"><strong>Vincent Pneus<\/strong><\/span> (Rue Egide Van Ophem 46 \u00e0 Uccle)<\/p>\n<p>Et voici le r\u00e9sultat final en photo :<\/p>\n<p><img decoding=\"async\" src=\"http:\/\/denis-meunier.be\/smax\/wp-content\/uploads\/2009\/04\/img_0110.jpg\" border=\"0\" alt=\"decoration\" \/><\/p>\n<p><span style=\"text-decoration: underline;\"><strong>Facture finale<\/strong><\/span> : <span style=\"color: #008000;\"><strong><span style=\"font-size: small;\">1160,42 \u20ac<\/span><\/strong><\/span> <img decoding=\"async\" title=\"Surpris\" src=\"http:\/\/denis-meunier.be\/smax\/wp-content\/uploads\/2009\/04\/smiley-surprised.2.gif\" border=\"0\" alt=\"Surpris\" \/><\/p>\n<p>Comprenant : TVA, Jantes, pneus, montage, \u00e9quilibrage, valves, taxe environe\u00f9ent et en cadeau &#8230; la g\u00e9om\u00e9trie compl\u00e8te (l\u00e9g\u00e8re correction \u00e0 l&rsquo;avant)<\/p>\n<p style=\"text-align: center;\"><span style=\"color: #ff0000;\"><strong>MERCI VINCENT PNEUS&nbsp; <img decoding=\"async\" title=\"Sourire\" src=\"http:\/\/denis-meunier.be\/smax\/wp-content\/uploads\/2009\/04\/smiley-smile.3.gif\" border=\"0\" alt=\"Sourire\" \/><\/strong><\/span><br \/>( <a href=\"http:\/\/www.vincentpneus.be\" target=\"_self\">http:\/\/www.vincentpneus.be<\/a> )<\/p>\n<p>De plus pr\u00e8s :<\/p>\n<p><img decoding=\"async\" src=\"http:\/\/denis-meunier.be\/smax\/wp-content\/uploads\/2009\/04\/dyn002_original_830_840_jpeg__21cfff9e5b089bff50d1c6932aff538d.jpg\" border=\"0\" alt=\"Jantes16\" \/><\/p>\n<p>&nbsp;<\/p>\n","protected":false},"excerpt":{"rendered":"<p>Mon S-Max Aide S-Max Probl\u00e8mes Accessoires Sur la Route G\u00e9n\u00e9ral &nbsp; Ce vendredi 3 avril 2009, mon S-Max a b\u00e9n\u00e9fici\u00e9 de nouvelles chaussures&nbsp; !!! (Mes jantes 18&Prime; Y Ford, sont parties vers le pays du soleil, Saint Paul de Vence &#8211; voir les photos sur le v\u00e9hicule du nouveau propri\u00e9taire : ICI) Nouvelles jantes en &hellip; <a href=\"https:\/\/denis-meunier.be\/smax\/2009\/04\/06\/nouvelles-jantes-et-nouveaux-pneus\/\" class=\"more-link\">Continuer la lecture de <span class=\"screen-reader-text\">Nouvelles jantes et nouveaux pneus<\/span><\/a><\/p>\n","protected":false},"author":1,"featured_media":0,"comment_status":"closed","ping_status":"open","sticky":false,"template":"","format":"standard","meta":{"footnotes":""},"categories":[4],"tags":[],"class_list":["post-34","post","type-post","status-publish","format-standard","hentry","category-accessoires"],"_links":{"self":[{"href":"https:\/\/denis-meunier.be\/smax\/wp-json\/wp\/v2\/posts\/34","targetHints":{"allow":["GET"]}}],"collection":[{"href":"https:\/\/denis-meunier.be\/smax\/wp-json\/wp\/v2\/posts"}],"about":[{"href":"https:\/\/denis-meunier.be\/smax\/wp-json\/wp\/v2\/types\/post"}],"author":[{"embeddable":true,"href":"https:\/\/denis-meunier.be\/smax\/wp-json\/wp\/v2\/users\/1"}],"replies":[{"embeddable":true,"href":"https:\/\/denis-meunier.be\/smax\/wp-json\/wp\/v2\/comments?post=34"}],"version-history":[{"count":1,"href":"https:\/\/denis-meunier.be\/smax\/wp-json\/wp\/v2\/posts\/34\/revisions"}],"predecessor-version":[{"id":103,"href":"https:\/\/denis-meunier.be\/smax\/wp-json\/wp\/v2\/posts\/34\/revisions\/103"}],"wp:attachment":[{"href":"https:\/\/denis-meunier.be\/smax\/wp-json\/wp\/v2\/media?parent=34"}],"wp:term":[{"taxonomy":"category","embeddable":true,"href":"https:\/\/denis-meunier.be\/smax\/wp-json\/wp\/v2\/categories?post=34"},{"taxonomy":"post_tag","embeddable":true,"href":"https:\/\/denis-meunier.be\/smax\/wp-json\/wp\/v2\/tags?post=34"}],"curies":[{"name":"wp","href":"https:\/\/api.w.org\/{rel}","templated":true}]}}