{"id":32,"date":"2008-08-27T09:53:00","date_gmt":"2008-08-27T07:53:00","guid":{"rendered":"http:\/\/denis-meunier.be\/smax\/2008\/08\/27\/rassemblement-de-s-max-a-reims\/"},"modified":"2018-05-04T11:50:10","modified_gmt":"2018-05-04T09:50:10","slug":"rassemblement-de-s-max-a-reims","status":"publish","type":"post","link":"https:\/\/denis-meunier.be\/smax\/2008\/08\/27\/rassemblement-de-s-max-a-reims\/","title":{"rendered":"Rassemblement de S-MAX \u00e0 REIMS"},"content":{"rendered":"<table border=\"1\" cellspacing=\"0\" width=\"100%\" align=\"center\" bgcolor=\"#0099ff\">\n<tbody>\n<tr>\n<td>\n<div>\n<div style=\"text-align: center;\"><span style=\"font-family: Arial,Helvetica,sans-serif;\"><span style=\"font-size: x-small;\"><span style=\"font-size: x-small;\"><strong><a title=\"La description de mon S-MAX\" href=\"http:\/\/smax.skynetblogs.be\/mon-s-max\/\" target=\"_blank\"><span style=\"font-size: x-small; color: #ffffff; font-family: Arial,Helvetica,sans-serif;\"><strong>Mon            S-Max<\/strong><\/span><\/a><\/strong><\/span><\/span><\/span><\/div>\n<\/div>\n<\/td>\n<td>\n<div>\n<div style=\"text-align: center;\"><span style=\"font-family: Arial,Helvetica,sans-serif;\"><span style=\"font-size: x-small;\"><span style=\"font-size: x-small;\"><strong><a title=\"O\u00f9 trouver de l'aide, des renseignements ... au sujet du S-MAX\" href=\"http:\/\/smax.skynetblogs.be\/aide-s-max\/\" target=\"_blank\"><span style=\"font-size: x-small; color: #ffffff; font-family: Arial,Helvetica,sans-serif;\"><strong>Aide            S-Max<\/strong><\/span><\/a><\/strong><\/span><\/span><\/span><\/div>\n<\/div>\n<\/td>\n<td>\n<div>\n<div style=\"text-align: center;\"><span style=\"font-family: Arial,Helvetica,sans-serif;\"><span style=\"font-size: x-small;\"><span style=\"font-size: x-small;\"><strong><a title=\"Les probl\u00e8mes rencontr\u00e9s avec mon S-MAX\" href=\"http:\/\/smax.skynetblogs.be\/problemes\/\" target=\"_blank\"><span style=\"font-size: x-small; color: #ffffff; font-family: Arial,Helvetica,sans-serif;\"><strong>Probl\u00e8mes<\/strong><\/span><\/a><\/strong><\/span><\/span><\/span><\/div>\n<\/div>\n<\/td>\n<td>\n<div>\n<div style=\"text-align: center;\"><a title=\"Les accessoires de mon S-Max\" href=\"http:\/\/smax.skynetblogs.be\/accessoires\/\" target=\"_blank\"><span style=\"font-size: x-small; color: #ffffff; font-family: Arial,Helvetica,sans-serif;\"><strong>Accessoires<\/strong><\/span><\/a><\/div>\n<\/div>\n<\/td>\n<td>\n<div>\n<div style=\"text-align: center;\"><span style=\"font-family: Arial,Helvetica,sans-serif;\"><span style=\"font-size: x-small;\"><span style=\"font-size: x-small;\"><strong><a title=\"Les articles traitant du comportement du S-MAX sur la route , consommation, ...\" href=\"http:\/\/smax.skynetblogs.be\/sur-la-route\/\"><span style=\"font-size: x-small; color: #ffffff; font-family: Arial,Helvetica,sans-serif;\"><strong>Sur            la Route<\/strong><\/span><\/a><\/strong><\/span><\/span><\/span><\/div>\n<\/div>\n<\/td>\n<td>\n<div>\n<div style=\"text-align: center;\"><span style=\"font-family: Arial,Helvetica,sans-serif;\"><span style=\"font-size: x-small;\"><span style=\"font-size: x-small;\"><strong><a title=\"Les autres articles du Blog \" href=\"http:\/\/smax.skynetblogs.be\/general\/\" target=\"_blank\"><span style=\"font-size: x-small; color: #ffffff; font-family: Arial,Helvetica,sans-serif;\"><strong>G\u00e9n\u00e9ral<\/strong><\/span><\/a><\/strong><\/span><\/span><\/span><\/div>\n<\/div>\n<\/td>\n<\/tr>\n<\/tbody>\n<\/table>\n<p><strong>&nbsp;<\/strong><\/p>\n<p><img loading=\"lazy\" decoding=\"async\" style=\"display: block; margin-left: auto; margin-right: auto;\" src=\"http:\/\/img371.imageshack.us\/img371\/9522\/bansmaxv42vo.jpg\" border=\"0\" alt=\"Le Club du S-Max\" width=\"473\" height=\"70\" align=\"absMiddle\" \/><\/p>\n<h2 style=\"text-align: center;\"><span style=\"color: #800000;\">C&rsquo;\u00e9tait le 28 septembre 2008,<\/span><\/h2>\n<h2 style=\"text-align: center;\"><span style=\"color: #800000;\">RASSEMBLEMENT DE <span style=\"color: #ff0000; font-size: large;\"><em>S<\/em><\/span>&#8211;<em><span style=\"font-family: Lucida Handwriting;\">MAX<\/span><\/em><\/span><span>&nbsp;<\/span><\/h2>\n<h2 style=\"text-align: center;\"><span style=\"color: #800000;\"><span style=\"font-family: Lucida Handwriting;\">&nbsp;<\/span>\u00e0<span style=\"font-family: arial;\"> R<\/span>EIMS (FR &#8211; Marne &#8211; 51)<\/span><\/h2>\n<h2 style=\"text-align: center;\"><span style=\"color: #800000;\">&nbsp;<\/span><\/h2>\n<p><em><span style=\"font-size: x-small;\"><span style=\"font-size: small;\"><strong>19 <span style=\"color: #ff0000;\">S<\/span>-Max<\/strong><\/span> (plus un pirate <img decoding=\"async\" title=\"Pied de nez\" src=\"http:\/\/denis-meunier.be\/smax\/wp-content\/uploads\/2008\/08\/smiley-foot-in-mouth.gif\" border=\"0\" alt=\"Pied de nez\" \/>&nbsp;)<br \/>&nbsp; &nbsp;26 partic\u00eepants&nbsp; (+ 10 enfants&nbsp; et Ulysse !) &#8230;<br \/>&nbsp;&nbsp;&nbsp;&nbsp; &nbsp;Le soleil toute la journ\u00e9e &#8230;<br \/>&nbsp;&nbsp;&nbsp;&nbsp; &#8230;&nbsp;&nbsp;&nbsp;&nbsp;&nbsp; et <span style=\"color: #339966;\"><strong>une ambiance INOUBLIABLE <img decoding=\"async\" title=\"Rigolant\" src=\"http:\/\/denis-meunier.be\/smax\/wp-content\/uploads\/2008\/08\/smiley-laughing.3.gif\" border=\"0\" alt=\"Rigolant\" \/><\/strong><\/span><\/span><\/em><\/p>\n<p><em><span style=\"font-size: x-small;\"><strong>Mieux que des mots, quelques photos :<br \/><span style=\"font-size: xx-small;\">(Cliquez sur la miniature pour agrandir)<\/span><\/strong><\/span><\/em><\/p>\n<table border=\"1\" cellspacing=\"0\" cellpadding=\"1\" width=\"100%\">\n<tbody>\n<tr>\n<td>\n<div><a title=\"080928_1\" href=\"http:\/\/denis-meunier.be\/smax\/wp-content\/uploads\/2008\/08\/dyn008_original_800_467_pjpeg_2569915_8720b4ee1ee30b64b9d44605af8db32d.jpg\" target=\"_blank\"><img decoding=\"async\" src=\"http:\/\/denis-meunier.be\/smax\/wp-content\/uploads\/2008\/08\/dyn008_small150_800_467_jpeg_2569915_8720b4ee1ee30b64b9d44605af8db32d.jpg\" border=\"0\" alt=\"Cliquez pour agrandir\" align=\"absMiddle\" \/><\/a><\/div>\n<\/td>\n<td>\n<div style=\"text-align: center;\">\n<div><a title=\"080928_2\" href=\"http:\/\/denis-meunier.be\/smax\/wp-content\/uploads\/2008\/08\/dyn008_original_800_502_pjpeg_2569915_bbf137857de31bc0f8ef76d8319cc597.jpg\" target=\"_blank\"><img decoding=\"async\" src=\"http:\/\/denis-meunier.be\/smax\/wp-content\/uploads\/2008\/08\/dyn008_small150_800_502_jpeg_2569915_bbf137857de31bc0f8ef76d8319cc597.jpg\" border=\"0\" alt=\"Cliquez pour agrandir\" align=\"absMiddle\" \/><\/a><\/div>\n<\/div>\n<\/td>\n<\/tr>\n<tr>\n<td>\n<div><a title=\"080928_3\" href=\"http:\/\/denis-meunier.be\/smax\/wp-content\/uploads\/2008\/08\/dyn008_original_800_600_pjpeg_2569915_5a8e7a23d69c0218993c8597148ccd10.jpg\" target=\"_blank\"><img decoding=\"async\" src=\"http:\/\/denis-meunier.be\/smax\/wp-content\/uploads\/2008\/08\/dyn008_small150_800_600_jpeg_2569915_5a8e7a23d69c0218993c8597148ccd10.jpg\" border=\"0\" alt=\"Cliquez pour agrandir\" align=\"absMiddle\" \/><\/a><\/div>\n<\/td>\n<td>\n<div>\n<div><a title=\"080928_5\" href=\"http:\/\/denis-meunier.be\/smax\/wp-content\/uploads\/2008\/08\/dyn008_original_800_600_pjpeg_2569915_053bb86c1522b52ecc3d06c1a55049c3.jpg\" target=\"_blank\"><img decoding=\"async\" src=\"http:\/\/denis-meunier.be\/smax\/wp-content\/uploads\/2008\/08\/dyn008_small150_800_600_jpeg_2569915_053bb86c1522b52ecc3d06c1a55049c3.jpg\" border=\"0\" alt=\"Cliquez pour agrandir\" align=\"absMiddle\" \/><\/a><\/div>\n<p><a title=\"080928_4\" href=\"http:\/\/denis-meunier.be\/smax\/wp-content\/uploads\/2008\/08\/dyn008_original_800_566_pjpeg_2569915_f0370b5f9a7c43f07f1f40551140c8a4.jpg\" target=\"_blank\"><\/a><\/div>\n<\/td>\n<\/tr>\n<tr>\n<td>\n<div><a title=\"28_sep38\" href=\"http:\/\/denis-meunier.be\/smax\/wp-content\/uploads\/2008\/08\/dyn003_original_800_600_pjpeg_2569915_99ef910a3f9a2d8fe2db010659a7a2a5.jpg\" target=\"_blank\"><\/a><a title=\"080928_6\" href=\"http:\/\/denis-meunier.be\/smax\/wp-content\/uploads\/2008\/08\/dyn008_original_800_600_pjpeg_2569915_7d330792d4f316dabd839634ab2d51aa.jpg\" target=\"_blank\"><img decoding=\"async\" src=\"http:\/\/denis-meunier.be\/smax\/wp-content\/uploads\/2008\/08\/dyn008_small150_800_600_jpeg_2569915_7d330792d4f316dabd839634ab2d51aa.jpg\" border=\"0\" alt=\"Cliquez pour agrandir\" align=\"absMiddle\" \/><\/a><a title=\"080928_5\" href=\"http:\/\/denis-meunier.be\/smax\/wp-content\/uploads\/2008\/08\/dyn008_original_800_600_pjpeg_2569915_053bb86c1522b52ecc3d06c1a55049c3.jpg\" target=\"_blank\"><\/a><\/div>\n<\/td>\n<td>\n<div>\n<div><a title=\"28_sep38\" href=\"http:\/\/denis-meunier.be\/smax\/wp-content\/uploads\/2008\/08\/dyn003_original_800_600_pjpeg_2569915_99ef910a3f9a2d8fe2db010659a7a2a5.jpg\" target=\"_blank\"><\/a><a title=\"famill13\" href=\"http:\/\/denis-meunier.be\/smax\/wp-content\/uploads\/2008\/08\/dyn003_original_738_554_pjpeg_2569915_4e66e82233e4a4a2a38471dfffb50ce6.jpg\" target=\"_blank\"><img decoding=\"async\" src=\"http:\/\/denis-meunier.be\/smax\/wp-content\/uploads\/2008\/08\/dyn003_small150_738_554_jpeg_2569915_4e66e82233e4a4a2a38471dfffb50ce6.jpg\" border=\"0\" alt=\"Cliquez pour agrandir\" align=\"absMiddle\" \/><\/a><a title=\"080928_5\" href=\"http:\/\/denis-meunier.be\/smax\/wp-content\/uploads\/2008\/08\/dyn008_original_800_600_pjpeg_2569915_053bb86c1522b52ecc3d06c1a55049c3.jpg\" target=\"_blank\"><\/a><\/div>\n<\/div>\n<\/td>\n<\/tr>\n<\/tbody>\n<\/table>\n<p>Beaucoup d&rsquo;autres photos de cette magnifique journ\u00e9e sur le blog fran\u00e7ais du <span style=\"color: #ff0000;\"><strong>S<\/strong><\/span><strong>-Max<\/strong> :<\/p>\n<p>&nbsp;<a title=\"Cliquez ICI\" href=\"http:\/\/s-max.bbfr.net\/galeries-photos-f20\/souvenir-du-rassemblement-du-28-septembre-a-reims-t1702.htm#53224\" target=\"_blank\">Les Photos des S-Max&nbsp;le 28-septembre-2008<\/a><br \/>&amp;<br \/><a title=\"Cliquez ICI\" href=\"http:\/\/deonisios.spaces.live.com\/\" target=\"_blank\">Les Photos du repas des S-Maxiens le 28 septembre<\/a><\/p>\n<p><strong><span style=\"color: #ff0000; font-size: small;\">Et m\u00eame en vid\u00e9o : <\/span><\/strong><\/p>\n<p>&nbsp;<a title=\"Cliquez ici\" href=\"http:\/\/www.dailymotion.com\/b1phoebe64\/video\/x6xuj3_rencontre-supermax-28-septembre-200_auto\" target=\"_blank\"><img decoding=\"async\" src=\"http:\/\/denis-meunier.be\/smax\/wp-content\/uploads\/2008\/08\/dyn006_original_200_169_pjpeg_2569915_7110876bf33793a00a6809fc68443545.jpg\" border=\"0\" alt=\"Phoebe\" \/><\/a><br \/>(Cliquez sur l&rsquo;image)<\/p>\n<p>et encore ICI : <a href=\"http:\/\/www.dailymotion.com\/b1phoebe64\/video\/x77hwe_les19du28-dvd_auto\" target=\"_blank\">2me vid\u00e9o<\/a><\/p>\n<p>V<span style=\"font-size: xx-small;\">id\u00e9o cr\u00e9\u00e9e par \u00ab\u00a0Phoebe\u00a0\u00bb du Club S-Max<\/span><\/p>\n","protected":false},"excerpt":{"rendered":"<p>Mon S-Max Aide S-Max Probl\u00e8mes Accessoires Sur la Route G\u00e9n\u00e9ral &nbsp; C&rsquo;\u00e9tait le 28 septembre 2008, RASSEMBLEMENT DE S&#8211;MAX&nbsp; &nbsp;\u00e0 REIMS (FR &#8211; Marne &#8211; 51) &nbsp; 19 S-Max (plus un pirate &nbsp;)&nbsp; &nbsp;26 partic\u00eepants&nbsp; (+ 10 enfants&nbsp; et Ulysse !) &#8230;&nbsp;&nbsp;&nbsp;&nbsp; &nbsp;Le soleil toute la journ\u00e9e &#8230;&nbsp;&nbsp;&nbsp;&nbsp; &#8230;&nbsp;&nbsp;&nbsp;&nbsp;&nbsp; et une ambiance INOUBLIABLE Mieux que &hellip; <a href=\"https:\/\/denis-meunier.be\/smax\/2008\/08\/27\/rassemblement-de-s-max-a-reims\/\" class=\"more-link\">Continuer la lecture de <span class=\"screen-reader-text\">Rassemblement de S-MAX \u00e0 REIMS<\/span><\/a><\/p>\n","protected":false},"author":1,"featured_media":0,"comment_status":"closed","ping_status":"open","sticky":false,"template":"","format":"standard","meta":{"footnotes":""},"categories":[6],"tags":[],"class_list":["post-32","post","type-post","status-publish","format-standard","hentry","category-general"],"_links":{"self":[{"href":"https:\/\/denis-meunier.be\/smax\/wp-json\/wp\/v2\/posts\/32","targetHints":{"allow":["GET"]}}],"collection":[{"href":"https:\/\/denis-meunier.be\/smax\/wp-json\/wp\/v2\/posts"}],"about":[{"href":"https:\/\/denis-meunier.be\/smax\/wp-json\/wp\/v2\/types\/post"}],"author":[{"embeddable":true,"href":"https:\/\/denis-meunier.be\/smax\/wp-json\/wp\/v2\/users\/1"}],"replies":[{"embeddable":true,"href":"https:\/\/denis-meunier.be\/smax\/wp-json\/wp\/v2\/comments?post=32"}],"version-history":[{"count":1,"href":"https:\/\/denis-meunier.be\/smax\/wp-json\/wp\/v2\/posts\/32\/revisions"}],"predecessor-version":[{"id":135,"href":"https:\/\/denis-meunier.be\/smax\/wp-json\/wp\/v2\/posts\/32\/revisions\/135"}],"wp:attachment":[{"href":"https:\/\/denis-meunier.be\/smax\/wp-json\/wp\/v2\/media?parent=32"}],"wp:term":[{"taxonomy":"category","embeddable":true,"href":"https:\/\/denis-meunier.be\/smax\/wp-json\/wp\/v2\/categories?post=32"},{"taxonomy":"post_tag","embeddable":true,"href":"https:\/\/denis-meunier.be\/smax\/wp-json\/wp\/v2\/tags?post=32"}],"curies":[{"name":"wp","href":"https:\/\/api.w.org\/{rel}","templated":true}]}}