{"id":30,"date":"2008-04-17T17:34:00","date_gmt":"2008-04-17T15:34:00","guid":{"rendered":"http:\/\/denis-meunier.be\/smax\/2008\/04\/17\/garanties-additionnelles\/"},"modified":"2018-05-04T11:50:11","modified_gmt":"2018-05-04T09:50:11","slug":"garanties-additionnelles","status":"publish","type":"post","link":"https:\/\/denis-meunier.be\/smax\/2008\/04\/17\/garanties-additionnelles\/","title":{"rendered":"GARANTIES ADDITIONNELLES"},"content":{"rendered":"<table border=\"1\" cellspacing=\"0\" width=\"100%\" align=\"center\" bgcolor=\"#0099ff\">\n<tbody>\n<tr>\n<td>\n<div>\n<div style=\"text-align: center;\"><span style=\"font-family: Arial,Helvetica,sans-serif;\"><span style=\"font-size: x-small;\"><span style=\"font-size: x-small;\"><strong><a title=\"La description de mon S-MAX\" href=\"http:\/\/smax.skynetblogs.be\/mon-s-max\/\" target=\"_blank\"><span style=\"font-size: x-small; color: #ffffff; font-family: Arial,Helvetica,sans-serif;\"><strong>Mon            S-Max<\/strong><\/span><\/a><\/strong><\/span><\/span><\/span><\/div>\n<\/div>\n<\/td>\n<td>\n<div>\n<div style=\"text-align: center;\"><span style=\"font-family: Arial,Helvetica,sans-serif;\"><span style=\"font-size: x-small;\"><span style=\"font-size: x-small;\"><strong><a title=\"O\u00f9 trouver de l'aide, des renseignements ... au sujet du S-MAX\" href=\"http:\/\/smax.skynetblogs.be\/aide-s-max\/\" target=\"_blank\"><span style=\"font-size: x-small; color: #ffffff; font-family: Arial,Helvetica,sans-serif;\"><strong>Aide            S-Max<\/strong><\/span><\/a><\/strong><\/span><\/span><\/span><\/div>\n<\/div>\n<\/td>\n<td>\n<div>\n<div style=\"text-align: center;\"><span style=\"font-family: Arial,Helvetica,sans-serif;\"><span style=\"font-size: x-small;\"><span style=\"font-size: x-small;\"><strong><a title=\"Les probl\u00e8mes rencontr\u00e9s avec mon S-MAX\" href=\"http:\/\/smax.skynetblogs.be\/problemes\/\" target=\"_blank\"><span style=\"font-size: x-small; color: #ffffff; font-family: Arial,Helvetica,sans-serif;\"><strong>Probl\u00e8mes<\/strong><\/span><\/a><\/strong><\/span><\/span><\/span><\/div>\n<\/div>\n<\/td>\n<td>\n<div>\n<div style=\"text-align: center;\"><a title=\"Les accessoires de mon S-Max\" href=\"http:\/\/smax.skynetblogs.be\/accessoires\/\" target=\"_blank\"><span style=\"font-size: x-small; color: #ffffff; font-family: Arial,Helvetica,sans-serif;\"><strong>Accessoires<\/strong><\/span><\/a><\/div>\n<\/div>\n<\/td>\n<td>\n<div>\n<div style=\"text-align: center;\"><span style=\"font-family: Arial,Helvetica,sans-serif;\"><span style=\"font-size: x-small;\"><span style=\"font-size: x-small;\"><strong><a title=\"Les articles traitant du comportement du S-MAX sur la route , consommation, ...\" href=\"http:\/\/smax.skynetblogs.be\/sur-la-route\/\"><span style=\"font-size: x-small; color: #ffffff; font-family: Arial,Helvetica,sans-serif;\"><strong>Sur            la Route<\/strong><\/span><\/a><\/strong><\/span><\/span><\/span><\/div>\n<\/div>\n<\/td>\n<td>\n<div>\n<div style=\"text-align: center;\"><span style=\"font-family: Arial,Helvetica,sans-serif;\"><span style=\"font-size: x-small;\"><span style=\"font-size: x-small;\"><strong><a title=\"Les autres articles du Blog \" href=\"http:\/\/smax.skynetblogs.be\/general\/\" target=\"_blank\"><span style=\"font-size: x-small; color: #ffffff; font-family: Arial,Helvetica,sans-serif;\"><strong>G\u00e9n\u00e9ral<\/strong><\/span><\/a><\/strong><\/span><\/span><\/span><\/div>\n<\/div>\n<\/td>\n<\/tr>\n<\/tbody>\n<\/table>\n<p><strong>&nbsp;<\/strong><\/p>\n<p>\u00c9tant donn\u00e9s les nombreux probl\u00e8mes que j&rsquo;ai rencontr\u00e9s avec mon v\u00e9hicule, j&rsquo;ai demand\u00e9 un geste commercial \u00e0 FORD et tent\u00e9 d&rsquo;obtenir une prolongation de la garantie l\u00e9gale.&nbsp;<span style=\"color: #b80047;\"><strong>FORD, \u00e0 ce niveau, est on ne peut plus sourd.<\/strong>&nbsp;<strong><img decoding=\"async\" title=\"Triste\" src=\"http:\/\/denis-meunier.be\/smax\/wp-content\/uploads\/2008\/04\/smiley-cry.5.gif\" border=\"0\" alt=\"Triste\" \/><\/strong><\/span><\/p>\n<p>En dernier recours, et au vu du manque de confiance personnelle envers mon v\u00e9hicule, je me suis renseign\u00e9 aupr\u00e8s de mon concessionnaire sur les possibilit\u00e9s d&rsquo;extensions de garanties (\u00e0 ma charge ! )<\/p>\n<p>Un&nbsp;<strong>contrat d&rsquo;extensions de la garantie l\u00e9gale<\/strong>&nbsp;peut \u00eatre conclu d\u00e8s la commande du v\u00e9hicule mais avant la fin de cette garantie l\u00e9gale (24 mois).<\/p>\n<p>Le <strong><span style=\"font-size: x-small; color: #800000;\">23\/7\/2008<\/span><\/strong> , j&rsquo;ai pris cette extension de garantie de trois ans. &nbsp;co\u00fbt : <strong><span style=\"color: #800000;\">1750 \u20ac<\/span><\/strong> ; c&rsquo;est peut-\u00eatre cher mais la tranquilit\u00e9 est&nbsp;\u00e0 ce prix.<\/p>\n<p>Diff\u00e9rents type de contrats possibles :<\/p>\n<ul>\n<li>Le contrat peut \u00eatre pris pour une, deux ou trois ann\u00e9es au del\u00e0 de la garantie l\u00e9gale ;<\/li>\n<li>&#8211; Il y a deux tarifications :\n<ul>\n<li>Contrat conclu entre l&rsquo;achat et le troisi\u00e8me mois du v\u00e9hicule ;<\/li>\n<li>contrat conclu apr\u00e8s le 3me mois et avant la fin de la garantie l\u00e9gale (24 mois)<\/li>\n<\/ul>\n<\/li>\n<li>les tarifs (Belgique) peuvent \u00eatre trouv\u00e9s sur le site de Ford \u00e0 l&rsquo;adresse <br \/><a href=\"http:\/\/www.fr.ford.be\/ie\/warranty\/-\/war_bijk_garant\/-\/-\/-\/-\" target=\"_blank\">http:\/\/www.fr.ford.be\/ie\/warranty\/-\/war_bijk_garant\/-\/-\/-\/-#<\/a><\/li>\n<\/ul>\n<p>La couverture compl\u00e9mentaire n&rsquo;est pas tout \u00e0 fait identique \u00e0 la garantie initiale (sont exclus les pi\u00e8ces d&rsquo;usure, les garnitures int\u00e9rieures &#8230; )<br \/>Le kilom\u00e9trage est aussi limit\u00e9 suivant la dur\u00e9e compl\u00e9mentaire demand\u00e9e.<\/p>\n","protected":false},"excerpt":{"rendered":"<p>Mon S-Max Aide S-Max Probl\u00e8mes Accessoires Sur la Route G\u00e9n\u00e9ral &nbsp; \u00c9tant donn\u00e9s les nombreux probl\u00e8mes que j&rsquo;ai rencontr\u00e9s avec mon v\u00e9hicule, j&rsquo;ai demand\u00e9 un geste commercial \u00e0 FORD et tent\u00e9 d&rsquo;obtenir une prolongation de la garantie l\u00e9gale.&nbsp;FORD, \u00e0 ce niveau, est on ne peut plus sourd.&nbsp; En dernier recours, et au vu du manque &hellip; <a href=\"https:\/\/denis-meunier.be\/smax\/2008\/04\/17\/garanties-additionnelles\/\" class=\"more-link\">Continuer la lecture de <span class=\"screen-reader-text\">GARANTIES ADDITIONNELLES<\/span><\/a><\/p>\n","protected":false},"author":1,"featured_media":0,"comment_status":"closed","ping_status":"open","sticky":false,"template":"","format":"standard","meta":{"footnotes":""},"categories":[5],"tags":[],"class_list":["post-30","post","type-post","status-publish","format-standard","hentry","category-aide-s-max"],"_links":{"self":[{"href":"https:\/\/denis-meunier.be\/smax\/wp-json\/wp\/v2\/posts\/30","targetHints":{"allow":["GET"]}}],"collection":[{"href":"https:\/\/denis-meunier.be\/smax\/wp-json\/wp\/v2\/posts"}],"about":[{"href":"https:\/\/denis-meunier.be\/smax\/wp-json\/wp\/v2\/types\/post"}],"author":[{"embeddable":true,"href":"https:\/\/denis-meunier.be\/smax\/wp-json\/wp\/v2\/users\/1"}],"replies":[{"embeddable":true,"href":"https:\/\/denis-meunier.be\/smax\/wp-json\/wp\/v2\/comments?post=30"}],"version-history":[{"count":1,"href":"https:\/\/denis-meunier.be\/smax\/wp-json\/wp\/v2\/posts\/30\/revisions"}],"predecessor-version":[{"id":137,"href":"https:\/\/denis-meunier.be\/smax\/wp-json\/wp\/v2\/posts\/30\/revisions\/137"}],"wp:attachment":[{"href":"https:\/\/denis-meunier.be\/smax\/wp-json\/wp\/v2\/media?parent=30"}],"wp:term":[{"taxonomy":"category","embeddable":true,"href":"https:\/\/denis-meunier.be\/smax\/wp-json\/wp\/v2\/categories?post=30"},{"taxonomy":"post_tag","embeddable":true,"href":"https:\/\/denis-meunier.be\/smax\/wp-json\/wp\/v2\/tags?post=30"}],"curies":[{"name":"wp","href":"https:\/\/api.w.org\/{rel}","templated":true}]}}