{"id":29,"date":"2007-07-20T09:35:00","date_gmt":"2007-07-20T07:35:00","guid":{"rendered":"http:\/\/denis-meunier.be\/smax\/2007\/07\/20\/chaine-de-montage-du-s-max\/"},"modified":"2007-07-20T09:35:00","modified_gmt":"2007-07-20T07:35:00","slug":"chaine-de-montage-du-s-max","status":"publish","type":"post","link":"https:\/\/denis-meunier.be\/smax\/2007\/07\/20\/chaine-de-montage-du-s-max\/","title":{"rendered":"Cha\u00eene de montage du S-MAX"},"content":{"rendered":"<table border=\"1\" cellspacing=\"0\" width=\"100%\" align=\"center\" bgcolor=\"#0099ff\">\n<tbody>\n<tr>\n<td>\n<div>\n<div style=\"text-align: center;\"><span style=\"font-family: Arial,Helvetica,sans-serif;\"><span style=\"font-size: x-small;\"><span style=\"font-size: x-small;\"><strong><a title=\"La description de mon S-MAX\" href=\"http:\/\/smax.skynetblogs.be\/mon-s-max\/\" target=\"_blank\"><span style=\"font-size: x-small; color: #ffffff; font-family: Arial,Helvetica,sans-serif;\"><strong>Mon            S-Max<\/strong><\/span><\/a><\/strong><\/span><\/span><\/span><\/div>\n<\/div>\n<\/td>\n<td>\n<div>\n<div style=\"text-align: center;\"><span style=\"font-family: Arial,Helvetica,sans-serif;\"><span style=\"font-size: x-small;\"><span style=\"font-size: x-small;\"><strong><a title=\"O\u00f9 trouver de l'aide, des renseignements ... au sujet du S-MAX\" href=\"http:\/\/smax.skynetblogs.be\/aide-s-max\/\" target=\"_blank\"><span style=\"font-size: x-small; color: #ffffff; font-family: Arial,Helvetica,sans-serif;\"><strong>Aide            S-Max<\/strong><\/span><\/a><\/strong><\/span><\/span><\/span><\/div>\n<\/div>\n<\/td>\n<td>\n<div>\n<div style=\"text-align: center;\"><span style=\"font-family: Arial,Helvetica,sans-serif;\"><span style=\"font-size: x-small;\"><span style=\"font-size: x-small;\"><strong><a title=\"Les probl\u00e8mes rencontr\u00e9s avec mon S-MAX\" href=\"http:\/\/smax.skynetblogs.be\/problemes\/\" target=\"_blank\"><span style=\"font-size: x-small; color: #ffffff; font-family: Arial,Helvetica,sans-serif;\"><strong>Probl\u00e8mes<\/strong><\/span><\/a><\/strong><\/span><\/span><\/span><\/div>\n<\/div>\n<\/td>\n<td>\n<div>\n<div style=\"text-align: center;\"><a title=\"Les accessoires de mon S-Max\" href=\"http:\/\/smax.skynetblogs.be\/accessoires\/\" target=\"_blank\"><span style=\"font-size: x-small; color: #ffffff; font-family: Arial,Helvetica,sans-serif;\"><strong>Accessoires<\/strong><\/span><\/a><\/div>\n<\/div>\n<\/td>\n<td>\n<div>\n<div style=\"text-align: center;\"><span style=\"font-family: Arial,Helvetica,sans-serif;\"><span style=\"font-size: x-small;\"><span style=\"font-size: x-small;\"><strong><a title=\"Les articles traitant du comportement du S-MAX sur la route , consommation, ...\" href=\"http:\/\/smax.skynetblogs.be\/sur-la-route\/\"><span style=\"font-size: x-small; color: #ffffff; font-family: Arial,Helvetica,sans-serif;\"><strong>Sur            la Route<\/strong><\/span><\/a><\/strong><\/span><\/span><\/span><\/div>\n<\/div>\n<\/td>\n<td>\n<div>\n<div style=\"text-align: center;\"><span style=\"font-family: Arial,Helvetica,sans-serif;\"><span style=\"font-size: x-small;\"><span style=\"font-size: x-small;\"><strong><a title=\"Les autres articles du Blog \" href=\"http:\/\/smax.skynetblogs.be\/general\/\" target=\"_blank\"><span style=\"font-size: x-small; color: #ffffff; font-family: Arial,Helvetica,sans-serif;\"><strong>G\u00e9n\u00e9ral<\/strong><\/span><\/a><\/strong><\/span><\/span><\/span><\/div>\n<\/div>\n<\/td>\n<\/tr>\n<\/tbody>\n<\/table>\n<p><strong>&nbsp;<\/strong><\/p>\n<p><span style=\"font-size: x-small;\"><span style=\"font-family: Arial;\"><span style=\"text-decoration: underline;\"><br \/>Pour les amateurs &amp; curieux<\/span>&nbsp;:<\/span><\/span><\/p>\n<p><span style=\"font-family: Arial; font-size: x-small;\">Trouv\u00e9 sur un Blog sp\u00e9cialis\u00e9 \u00ab\u00a0Automomobile\u00a0\u00bb, le lien suivant vous fera d\u00e9couvrir l&rsquo;usine&nbsp;de GENK (be) d&rsquo;o\u00f9 sort le S-Max.<\/span><\/p>\n<p><a href=\"http:\/\/www.leblogauto.com\/2007\/06\/envers-du-decor-usine-ford-a-genk-1.html\"><span style=\"font-family: Arial; font-size: x-small;\">http:\/\/www.leblogauto.com\/2007\/06\/envers-du-decor-usine-ford-a-genk-1.html<\/span><\/a><\/p>\n<p><span style=\"font-family: Arial; font-size: x-small;\">(visite en 4 pages &#8211; cliquez sur le lien \u00ab\u00a0<span style=\"color: #666600;\"><strong>A Suivre\u00a0\u00bb<\/strong><\/span> en bas d&rsquo;article pour acc\u00e9der \u00e0 la page suivante)<\/span><\/p>\n<p><strong><span style=\"color: #660000; font-family: Arial; font-size: medium;\">IMPRESSIONNANT<\/span><\/strong><\/p>\n","protected":false},"excerpt":{"rendered":"<p>Mon S-Max Aide S-Max Probl\u00e8mes Accessoires Sur la Route G\u00e9n\u00e9ral &nbsp; Pour les amateurs &amp; curieux&nbsp;: Trouv\u00e9 sur un Blog sp\u00e9cialis\u00e9 \u00ab\u00a0Automomobile\u00a0\u00bb, le lien suivant vous fera d\u00e9couvrir l&rsquo;usine&nbsp;de GENK (be) d&rsquo;o\u00f9 sort le S-Max. http:\/\/www.leblogauto.com\/2007\/06\/envers-du-decor-usine-ford-a-genk-1.html (visite en 4 pages &#8211; cliquez sur le lien \u00ab\u00a0A Suivre\u00a0\u00bb en bas d&rsquo;article pour acc\u00e9der \u00e0 la page &hellip; <a href=\"https:\/\/denis-meunier.be\/smax\/2007\/07\/20\/chaine-de-montage-du-s-max\/\" class=\"more-link\">Continuer la lecture de <span class=\"screen-reader-text\">Cha\u00eene de montage du S-MAX<\/span><\/a><\/p>\n","protected":false},"author":1,"featured_media":0,"comment_status":"closed","ping_status":"open","sticky":false,"template":"","format":"standard","meta":{"footnotes":""},"categories":[6],"tags":[],"class_list":["post-29","post","type-post","status-publish","format-standard","hentry","category-general"],"_links":{"self":[{"href":"https:\/\/denis-meunier.be\/smax\/wp-json\/wp\/v2\/posts\/29","targetHints":{"allow":["GET"]}}],"collection":[{"href":"https:\/\/denis-meunier.be\/smax\/wp-json\/wp\/v2\/posts"}],"about":[{"href":"https:\/\/denis-meunier.be\/smax\/wp-json\/wp\/v2\/types\/post"}],"author":[{"embeddable":true,"href":"https:\/\/denis-meunier.be\/smax\/wp-json\/wp\/v2\/users\/1"}],"replies":[{"embeddable":true,"href":"https:\/\/denis-meunier.be\/smax\/wp-json\/wp\/v2\/comments?post=29"}],"version-history":[{"count":0,"href":"https:\/\/denis-meunier.be\/smax\/wp-json\/wp\/v2\/posts\/29\/revisions"}],"wp:attachment":[{"href":"https:\/\/denis-meunier.be\/smax\/wp-json\/wp\/v2\/media?parent=29"}],"wp:term":[{"taxonomy":"category","embeddable":true,"href":"https:\/\/denis-meunier.be\/smax\/wp-json\/wp\/v2\/categories?post=29"},{"taxonomy":"post_tag","embeddable":true,"href":"https:\/\/denis-meunier.be\/smax\/wp-json\/wp\/v2\/tags?post=29"}],"curies":[{"name":"wp","href":"https:\/\/api.w.org\/{rel}","templated":true}]}}