{"id":28,"date":"2008-02-28T09:23:00","date_gmt":"2008-02-28T08:23:00","guid":{"rendered":"http:\/\/denis-meunier.be\/smax\/2008\/02\/28\/les-contacts-avec-ford-constructeur\/"},"modified":"2008-02-28T09:23:00","modified_gmt":"2008-02-28T08:23:00","slug":"les-contacts-avec-ford-constructeur","status":"publish","type":"post","link":"https:\/\/denis-meunier.be\/smax\/2008\/02\/28\/les-contacts-avec-ford-constructeur\/","title":{"rendered":"LES CONTACTS AVEC FORD (Constructeur)"},"content":{"rendered":"<table border=\"1\" cellspacing=\"0\" width=\"100%\" align=\"center\" bgcolor=\"#0099ff\">\n<tbody>\n<tr>\n<td>\n<div>\n<div style=\"text-align: center;\"><span style=\"font-family: Arial,Helvetica,sans-serif;\"><span style=\"font-size: x-small;\"><span style=\"font-size: x-small;\"><strong><a title=\"La description de mon S-MAX\" href=\"http:\/\/smax.skynetblogs.be\/mon-s-max\/\" target=\"_blank\"><span style=\"font-size: x-small; color: #ffffff; font-family: Arial,Helvetica,sans-serif;\"><strong>Mon            S-Max<\/strong><\/span><\/a><\/strong><\/span><\/span><\/span><\/div>\n<\/div>\n<\/td>\n<td>\n<div>\n<div style=\"text-align: center;\"><span style=\"font-family: Arial,Helvetica,sans-serif;\"><span style=\"font-size: x-small;\"><span style=\"font-size: x-small;\"><strong><a title=\"O\u00f9 trouver de l'aide, des renseignements ... au sujet du S-MAX\" href=\"http:\/\/smax.skynetblogs.be\/aide-s-max\/\" target=\"_blank\"><span style=\"font-size: x-small; color: #ffffff; font-family: Arial,Helvetica,sans-serif;\"><strong>Aide            S-Max<\/strong><\/span><\/a><\/strong><\/span><\/span><\/span><\/div>\n<\/div>\n<\/td>\n<td>\n<div>\n<div style=\"text-align: center;\"><span style=\"font-family: Arial,Helvetica,sans-serif;\"><span style=\"font-size: x-small;\"><span style=\"font-size: x-small;\"><strong><a title=\"Les probl\u00e8mes rencontr\u00e9s avec mon S-MAX\" href=\"http:\/\/smax.skynetblogs.be\/problemes\/\" target=\"_blank\"><span style=\"font-size: x-small; color: #ffffff; font-family: Arial,Helvetica,sans-serif;\"><strong>Probl\u00e8mes<\/strong><\/span><\/a><\/strong><\/span><\/span><\/span><\/div>\n<\/div>\n<\/td>\n<td>\n<div>\n<div style=\"text-align: center;\"><a title=\"Les accessoires de mon S-Max\" href=\"http:\/\/smax.skynetblogs.be\/accessoires\/\" target=\"_blank\"><span style=\"font-size: x-small; color: #ffffff; font-family: Arial,Helvetica,sans-serif;\"><strong>Accessoires<\/strong><\/span><\/a><\/div>\n<\/div>\n<\/td>\n<td>\n<div>\n<div style=\"text-align: center;\"><span style=\"font-family: Arial,Helvetica,sans-serif;\"><span style=\"font-size: x-small;\"><span style=\"font-size: x-small;\"><strong><a title=\"Les articles traitant du comportement du S-MAX sur la route , consommation, ...\" href=\"http:\/\/smax.skynetblogs.be\/sur-la-route\/\"><span style=\"font-size: x-small; color: #ffffff; font-family: Arial,Helvetica,sans-serif;\"><strong>Sur            la Route<\/strong><\/span><\/a><\/strong><\/span><\/span><\/span><\/div>\n<\/div>\n<\/td>\n<td>\n<div>\n<div style=\"text-align: center;\"><span style=\"font-family: Arial,Helvetica,sans-serif;\"><span style=\"font-size: x-small;\"><span style=\"font-size: x-small;\"><strong><a title=\"Les autres articles du Blog \" href=\"http:\/\/smax.skynetblogs.be\/general\/\" target=\"_blank\"><span style=\"font-size: x-small; color: #ffffff; font-family: Arial,Helvetica,sans-serif;\"><strong>G\u00e9n\u00e9ral<\/strong><\/span><\/a><\/strong><\/span><\/span><\/span><\/div>\n<\/div>\n<\/td>\n<\/tr>\n<\/tbody>\n<\/table>\n<p><strong>&nbsp;<\/strong><\/p>\n<p><span style=\"font-size: x-small; color: #000080;\"><em>Dans les mois qui ont suivi la r\u00e9ception de notre v\u00e9hicule, nous nous sommes vu confront\u00e9s \u00e0 diff\u00e9rents probl\u00e8mes pour lesquels notre concessionnaire ne disposait pas encore des informations propres \u00e0 leurs r\u00e9solution. De ce fait, nous avons pris contact directement avec le service <strong>CRC<\/strong>&nbsp;(Customer Relation Center)&nbsp;de <strong>Ford (<\/strong>dans un premier temps bas\u00e9 \u00e0 Antwerpen, maintenant situ\u00e9 \u00e0 Bruxelles)<\/em><\/span><\/p>\n<p><span style=\"font-size: x-small; color: #000080;\"><em>Aux fils des probl\u00e8mes rencontr\u00e9s, mes courriers \u00e0 ce service&nbsp;se sont fait plus fr\u00e9quents mais on ne peut pas affirmer que les suivis soient r\u00e9ellement positifs.<\/em><\/span><span style=\"color: #000080;\"><\/p>\n<p>&nbsp;<\/p>\n<p><span style=\"color: #0000ff;\"><em><span style=\"font-size: x-small;\">L<span style=\"color: #0000ff;\">e<\/span><\/span><\/em><span style=\"font-size: x-small; color: #000080;\"><em>s attitudes&nbsp;rencontr\u00e9es ont \u00e9t\u00e9 : l<span style=\"color: #ff0000;\">&lsquo;absence de r\u00e9ponse,<\/span> la r\u00e9ponse \u00e0 c\u00f4t\u00e9 de la question ou le d\u00e9tournement de la question&nbsp;et m\u00eame&nbsp;les contradictions d&rsquo;une r\u00e9ponse \u00e0 l&rsquo;autre et tr\u00e8s peu d&rsquo;esprit de conciliation. <br \/>En fin de compte, je crois qu&rsquo;il vaut mieux avoir <strong>pleine confiance en son concessionnaire<\/strong> (si non en chercher un autre) et en cas de non application correcte de la garantie, s&rsquo;adresser directement \u00e0 la justice (via une d\u00e9fense en justice \u00e9ventuelle ; c&rsquo;est g\u00e9n\u00e9ralement compris ou propos\u00e9 dans les contrats omnium)<\/em><\/span><\/span><\/p>\n<p><em><span style=\"font-size: x-small; color: #808080;\">(Article modifi\u00e9 le 25\/08\/2008 par soucis de concision)<\/span><\/em><\/p>\n<p><\/span><\/p>\n<p>&nbsp;<\/p>\n<p>&nbsp;<\/p>\n","protected":false},"excerpt":{"rendered":"<p>Mon S-Max Aide S-Max Probl\u00e8mes Accessoires Sur la Route G\u00e9n\u00e9ral &nbsp; Dans les mois qui ont suivi la r\u00e9ception de notre v\u00e9hicule, nous nous sommes vu confront\u00e9s \u00e0 diff\u00e9rents probl\u00e8mes pour lesquels notre concessionnaire ne disposait pas encore des informations propres \u00e0 leurs r\u00e9solution. De ce fait, nous avons pris contact directement avec le service &hellip; <a href=\"https:\/\/denis-meunier.be\/smax\/2008\/02\/28\/les-contacts-avec-ford-constructeur\/\" class=\"more-link\">Continuer la lecture de <span class=\"screen-reader-text\">LES CONTACTS AVEC FORD (Constructeur)<\/span><\/a><\/p>\n","protected":false},"author":1,"featured_media":0,"comment_status":"closed","ping_status":"open","sticky":false,"template":"","format":"standard","meta":{"footnotes":""},"categories":[7],"tags":[],"class_list":["post-28","post","type-post","status-publish","format-standard","hentry","category-problemes"],"_links":{"self":[{"href":"https:\/\/denis-meunier.be\/smax\/wp-json\/wp\/v2\/posts\/28","targetHints":{"allow":["GET"]}}],"collection":[{"href":"https:\/\/denis-meunier.be\/smax\/wp-json\/wp\/v2\/posts"}],"about":[{"href":"https:\/\/denis-meunier.be\/smax\/wp-json\/wp\/v2\/types\/post"}],"author":[{"embeddable":true,"href":"https:\/\/denis-meunier.be\/smax\/wp-json\/wp\/v2\/users\/1"}],"replies":[{"embeddable":true,"href":"https:\/\/denis-meunier.be\/smax\/wp-json\/wp\/v2\/comments?post=28"}],"version-history":[{"count":0,"href":"https:\/\/denis-meunier.be\/smax\/wp-json\/wp\/v2\/posts\/28\/revisions"}],"wp:attachment":[{"href":"https:\/\/denis-meunier.be\/smax\/wp-json\/wp\/v2\/media?parent=28"}],"wp:term":[{"taxonomy":"category","embeddable":true,"href":"https:\/\/denis-meunier.be\/smax\/wp-json\/wp\/v2\/categories?post=28"},{"taxonomy":"post_tag","embeddable":true,"href":"https:\/\/denis-meunier.be\/smax\/wp-json\/wp\/v2\/tags?post=28"}],"curies":[{"name":"wp","href":"https:\/\/api.w.org\/{rel}","templated":true}]}}