{"id":22,"date":"2007-10-23T15:00:00","date_gmt":"2007-10-23T13:00:00","guid":{"rendered":"http:\/\/denis-meunier.be\/smax\/2007\/10\/23\/calibrage-des-pneumatiques\/"},"modified":"2018-05-04T11:50:36","modified_gmt":"2018-05-04T09:50:36","slug":"calibrage-des-pneumatiques","status":"publish","type":"post","link":"https:\/\/denis-meunier.be\/smax\/2007\/10\/23\/calibrage-des-pneumatiques\/","title":{"rendered":"Calibrage des pneumatiques"},"content":{"rendered":"<table border=\"1\" cellspacing=\"0\" width=\"100%\" align=\"center\" bgcolor=\"#0099ff\">\n<tbody>\n<tr>\n<td>\n<div>\n<div style=\"text-align: center;\"><span style=\"font-family: Arial,Helvetica,sans-serif;\"><span style=\"font-size: x-small;\"><span style=\"font-size: x-small;\"><strong><a title=\"La description de mon S-MAX\" href=\"http:\/\/smax.skynetblogs.be\/mon-s-max\/\" target=\"_blank\"><span style=\"font-size: x-small; color: #ffffff; font-family: Arial,Helvetica,sans-serif;\"><strong>Mon            S-Max<\/strong><\/span><\/a><\/strong><\/span><\/span><\/span><\/div>\n<\/div>\n<\/td>\n<td>\n<div>\n<div style=\"text-align: center;\"><span style=\"font-family: Arial,Helvetica,sans-serif;\"><span style=\"font-size: x-small;\"><span style=\"font-size: x-small;\"><strong><a title=\"O\u00f9 trouver de l'aide, des renseignements ... au sujet du S-MAX\" href=\"http:\/\/smax.skynetblogs.be\/aide-s-max\/\" target=\"_blank\"><span style=\"font-size: x-small; color: #ffffff; font-family: Arial,Helvetica,sans-serif;\"><strong>Aide            S-Max<\/strong><\/span><\/a><\/strong><\/span><\/span><\/span><\/div>\n<\/div>\n<\/td>\n<td>\n<div>\n<div style=\"text-align: center;\"><span style=\"font-family: Arial,Helvetica,sans-serif;\"><span style=\"font-size: x-small;\"><span style=\"font-size: x-small;\"><strong><a title=\"Les probl\u00e8mes rencontr\u00e9s avec mon S-MAX\" href=\"http:\/\/smax.skynetblogs.be\/problemes\/\" target=\"_blank\"><span style=\"font-size: x-small; color: #ffffff; font-family: Arial,Helvetica,sans-serif;\"><strong>Probl\u00e8mes<\/strong><\/span><\/a><\/strong><\/span><\/span><\/span><\/div>\n<\/div>\n<\/td>\n<td>\n<div>\n<div style=\"text-align: center;\"><a title=\"Les accessoires de mon S-Max\" href=\"http:\/\/smax.skynetblogs.be\/accessoires\/\" target=\"_blank\"><span style=\"font-size: x-small; color: #ffffff; font-family: Arial,Helvetica,sans-serif;\"><strong>Accessoires<\/strong><\/span><\/a><\/div>\n<\/div>\n<\/td>\n<td>\n<div>\n<div style=\"text-align: center;\"><span style=\"font-family: Arial,Helvetica,sans-serif;\"><span style=\"font-size: x-small;\"><span style=\"font-size: x-small;\"><strong><a title=\"Les articles traitant du comportement du S-MAX sur la route , consommation, ...\" href=\"http:\/\/smax.skynetblogs.be\/sur-la-route\/\"><span style=\"font-size: x-small; color: #ffffff; font-family: Arial,Helvetica,sans-serif;\"><strong>Sur            la Route<\/strong><\/span><\/a><\/strong><\/span><\/span><\/span><\/div>\n<\/div>\n<\/td>\n<td>\n<div>\n<div style=\"text-align: center;\"><span style=\"font-family: Arial,Helvetica,sans-serif;\"><span style=\"font-size: x-small;\"><span style=\"font-size: x-small;\"><strong><a title=\"Les autres articles du Blog \" href=\"http:\/\/smax.skynetblogs.be\/general\/\" target=\"_blank\"><span style=\"font-size: x-small; color: #ffffff; font-family: Arial,Helvetica,sans-serif;\"><strong>G\u00e9n\u00e9ral<\/strong><\/span><\/a><\/strong><\/span><\/span><\/span><\/div>\n<\/div>\n<\/td>\n<\/tr>\n<\/tbody>\n<\/table>\n<p><strong>&nbsp;<\/strong><\/p>\n<p>Un aimable visiteur de mon blog,&nbsp; <a title=\"Voir son commentaire\" href=\"http:\/\/smax.skynetblogs.be\/post\/3980153\/pneus-hiver#6720985\" target=\"_blank\"><strong><span style=\"color: #800000;\">Massimo<\/span><\/strong><\/a> ,&nbsp;m&rsquo;a renseign\u00e9 l&rsquo;existence d&rsquo;une proc\u00e9dure pour le calibrage des pneumatiques via le combin\u00e9 \u00ab\u00a0Auto-radio\/GPS\u00a0\u00bb du S-MAX. Il serait donc possible d&rsquo;indiquer au syst\u00e8me le changement de format des jantes \/ pneus et ce dernier en tiendrait donc compte pour l&rsquo;indicateur de vitesse ou autre <strong><span style=\"color: #800000;\">&#8230; (\u00e0 v\u00e9rifier)<\/span><\/strong><\/p>\n<p><em>En parcourant les modes d&#8217;emploi du v\u00e9hicule, de la radio ou du GPS, je n&rsquo;ai pas \u00e9t\u00e9 capable de trouver la description de cette fonction ni de sa port\u00e9e r\u00e9elle. IL me semble cependant int\u00e9ressant de vous la d\u00e9tailler ci-apr\u00e8s, quitte \u00e0 ce que les lecteurs du blog, plus exp\u00e9riment\u00e9s, compl\u00e8tent ou m\u00eame corrigent l&rsquo;information.<\/em><\/p>\n<p><strong><span style=\"text-decoration: underline;\">Description de la proc\u00e9dure <\/span>(<span style=\"font-family: Arial; font-size: x-small;\">Travelpilot EX )<\/span><\/strong><\/p>\n<ul>\n<li>Appuyez sur \u00ab\u00a0<strong>NAV<\/strong>\u00a0\u00bb ;<br \/>Le GPS est alors normalement allum\u00e9, sans itin\u00e9raire programm\u00e9 :<\/li>\n<\/ul>\n<div style=\"text-align: center;\"><img decoding=\"async\" src=\"http:\/\/denis-meunier.be\/smax\/wp-content\/uploads\/2007\/10\/dyn004_small150_1866_1209_jpeg_2569915_d7776fa17063e58232db16e15d88b10c.jpg\" border=\"0\" alt=\"Calibrage0\" \/><\/div>\n<ul>\n<li>Appuyez alors encore une fois&nbsp;sur le bouton \u00a0\u00bb&nbsp;<strong>NAV<\/strong> \u00a0\u00bb pour obtenir l&rsquo;\u00e9cran suivant :<\/li>\n<\/ul>\n<p><a title=\"Calibrage_1\" href=\"http:\/\/denis-meunier.be\/smax\/wp-content\/uploads\/2007\/10\/dyn009_original_2048_1536_pjpeg_2569915_9523de31ccef1359c45a6f58a32b6569.jpg\" target=\"_blank\"><\/p>\n<p style=\"text-align: center;\"><img decoding=\"async\" src=\"http:\/\/denis-meunier.be\/smax\/wp-content\/uploads\/2007\/10\/dyn009_small150_2048_1536_jpeg_2569915_9523de31ccef1359c45a6f58a32b6569.jpg\" border=\"0\" alt=\"Calibrage_1\" \/><br \/><span style=\"font-size: xx-small;\">(Cliquez pour agrandir)<\/span><\/p>\n<p><\/a><\/p>\n<ul>\n<li>\n<div>Appuyez sur \u00ab\u00a0EXTRA\u00a0\u00bb dans le bas du menu de droite<\/div>\n<\/li>\n<\/ul>\n<p><a title=\"Calibrage_2\" href=\"http:\/\/denis-meunier.be\/smax\/wp-content\/uploads\/2007\/10\/dyn009_original_2048_1536_pjpeg_2569915_d96dbd6f3193851e285d8874064995b2.jpg\" target=\"_blank\"><\/p>\n<p style=\"text-align: center;\"><img decoding=\"async\" src=\"http:\/\/denis-meunier.be\/smax\/wp-content\/uploads\/2007\/10\/dyn009_small150_2048_1536_jpeg_2569915_d96dbd6f3193851e285d8874064995b2.jpg\" border=\"0\" alt=\"Calibrage_2\" \/><br \/><span style=\"font-size: xx-small;\">(Cliquez pour agrandir)<\/span><\/p>\n<p><\/a><\/p>\n<ul>\n<li>\n<div>Appuyer sur \u00ab\u00a0CAL\/TEST\u00a0\u00bb (\u00e0 nouveau dans le bas, \u00e0&nbsp;droite)<\/div>\n<\/li>\n<\/ul>\n<p><a title=\"Calibrage_3\" href=\"http:\/\/denis-meunier.be\/smax\/wp-content\/uploads\/2007\/10\/dyn009_original_2048_1536_pjpeg_2569915_c88f9a5ed8748bb357fd48aa4ecc3fb6.jpg\" target=\"_blank\"><\/p>\n<div style=\"text-align: center;\"><img decoding=\"async\" src=\"http:\/\/denis-meunier.be\/smax\/wp-content\/uploads\/2007\/10\/dyn009_small150_2048_1536_jpeg_2569915_c88f9a5ed8748bb357fd48aa4ecc3fb6.jpg\" border=\"0\" alt=\"Calibrage_3\" \/><br \/><span style=\"font-size: xx-small;\">(Cliquez pour agrandir)<\/span><\/div>\n<p><\/a><\/p>\n<ul>\n<li>\n<div>A l&rsquo;aide du gros bouton rond de droite de la radio, s\u00e9lectionnez (si ce n&rsquo;est d\u00e9j\u00e0 fait) \u00ab\u00a0CHANGEMENT DE PNEU\u00a0\u00bb et enfoncez une fois ce bouton (= \u00ab\u00a0Enter\u00a0\u00bb)<\/div>\n<\/li>\n<\/ul>\n<p><a title=\"Calibrage_4\" href=\"http:\/\/denis-meunier.be\/smax\/wp-content\/uploads\/2007\/10\/dyn009_original_2048_1536_pjpeg_2569915_04c80d2429eb92f04c6dd980dc6c359f.jpg\" target=\"_blank\"><\/p>\n<div style=\"text-align: center;\"><img decoding=\"async\" src=\"http:\/\/denis-meunier.be\/smax\/wp-content\/uploads\/2007\/10\/dyn009_small150_2048_1536_jpeg_2569915_04c80d2429eb92f04c6dd980dc6c359f.jpg\" border=\"0\" alt=\"Calibrage_4\" \/><br \/><span style=\"font-size: xx-small;\">(Cliquez pour agrandir)<\/span><\/div>\n<p><\/a><\/p>\n<ul>\n<li>\n<div>Comme indiqu\u00e9, roulez entre 5 \u00e0 10 Km, (en \u00e9vitant les longs tunnels &#8230; afin de maintenir la r\u00e9ception GPS) Pendant la conduite, l&rsquo;appareil vous indique la progression du calibrage&nbsp;(en %) jusqu&rsquo;\u00e0 un message&nbsp;\u00ab\u00a0CALIBRAGE EFFECTU\u00c9\u00a0\u00bb&nbsp;<\/div>\n<\/li>\n<\/ul>\n<p>&nbsp;D\u00e9couvertes lors de cette proc\u00e9dure, au point \u00ab\u00a0CALIBRAGE \/ TEST \u00a0\u00bb les points :<\/p>\n<ul>\n<li>\n<div><strong><span style=\"color: #800000;\">\u00ab\u00a0Nouvelle Installation\u00a0\u00bb<\/span><\/strong><br \/>Sorte de proc\u00e9dure similaire \u00e0 la pr\u00e9c\u00e9dente dont je n&rsquo;ai pas bien compris la port\u00e9e<\/div>\n<\/li>\n<li>\n<div><span style=\"color: #800000;\"><strong>\u00ab\u00a0TEST CAPTEURS\u00a0\u00bb<\/strong><\/span><br \/>Offre une s\u00e9rie d&rsquo;informations :<\/div>\n<\/li>\n<\/ul>\n<p><a title=\"Calibrage6\" href=\"http:\/\/denis-meunier.be\/smax\/wp-content\/uploads\/2007\/10\/dyn004_original_1446_939_pjpeg_2569915_902ff66b5f92d070babeed49eaa48c65.jpg\" target=\"_blank\"><\/p>\n<div style=\"text-align: center;\"><img decoding=\"async\" src=\"http:\/\/denis-meunier.be\/smax\/wp-content\/uploads\/2007\/10\/dyn004_small150_1446_939_jpeg_2569915_902ff66b5f92d070babeed49eaa48c65.jpg\" border=\"0\" alt=\"Calibrage6\" \/><br \/><span style=\"font-size: xx-small;\">Cliquez pour agrandir<\/span><\/div>\n<p><\/a><\/p>\n<ul>\n<li>&nbsp;\n<ul>\n<li>\n<div><strong>GYRO<\/strong> : Quatre chiffres dont je n&rsquo;ai pas l&rsquo;explication ???<\/div>\n<\/li>\n<li>\n<div><strong>TACHO<\/strong> : Autre donn\u00e9e chiffr\u00e9e ???&nbsp;<\/div>\n<\/li>\n<li>\n<div>&nbsp;<strong>KM\/H<\/strong> : <strong><span style=\"color: #008000;\">Indique la vitesse du v\u00e9hicule d&rsquo;apr\u00e8s le calcule effectu\u00e9 par le GPS ; donc normalement tr\u00e8s pr\u00e9cise<\/span><\/strong><\/div>\n<\/li>\n<li>\n<div>&nbsp;<strong>DIRECTION<\/strong> : Soit AVANT, ARRIERE ou INCONNU suivant le d\u00e9placement du v\u00e9hicule (inconnu = arr\u00eat ou pas de donn\u00e9es satellite)<\/div>\n<\/li>\n<li>\n<div><strong>ANTENNE GPS<\/strong> : \u00e9tat de fonctionnement ou r\u00e9ception de l&rsquo;antenne GPS.<\/div>\n<\/li>\n<\/ul>\n<\/li>\n<\/ul>\n<ul>\n<li>\n<div>\u00ab\u00a0<strong><span style=\"color: #800000;\">DONN\u00c9ES CALIBRAGE\u00a0\u00bb<\/span><\/strong><br \/>Les donn\u00e9es chiffr\u00e9es du calibrage en cours, dont je n&rsquo;ai pas encore trouv\u00e9 les correspondances ou significations<\/div>\n<\/li>\n<\/ul>\n<p><a title=\"Calibrage_D\" href=\"http:\/\/denis-meunier.be\/smax\/wp-content\/uploads\/2007\/10\/dyn009_original_2048_1536_pjpeg_2569915_23e3857c41fd5c81da2beee7bb8a1422.jpg\" target=\"_blank\"><\/p>\n<div style=\"text-align: center;\"><img decoding=\"async\" src=\"http:\/\/denis-meunier.be\/smax\/wp-content\/uploads\/2007\/10\/dyn009_small150_2048_1536_jpeg_2569915_23e3857c41fd5c81da2beee7bb8a1422.jpg\" border=\"0\" alt=\"Calibrage_D\" \/><br \/><span style=\"font-size: xx-small;\">(Cliquez pour agrandir)<\/span><\/div>\n<p><\/a><\/p>\n<p><span style=\"color: #ff0000;\"><strong>Comme indiqu\u00e9 plus haut, il reste beaucoup de points sur lesquels je n&rsquo;ai pour l&rsquo;instant aucune explication. Je compte sur l&rsquo;amabilit\u00e9 du technicien de mon concessionnaire pour m&rsquo;\u00e9clairer quelque peu lors d&rsquo;une prochaine visite ou sur la perspicacit\u00e9 ou les connaissances d&rsquo;un visiteur de mon Blog.<\/strong><\/span><\/p>\n<p>Encore merci \u00e0 <a title=\"Voir son commentaire\" href=\"http:\/\/smax.skynetblogs.be\/post\/3980153\/pneus-hiver#6720985\" target=\"_blank\"><strong><span style=\"color: #800000;\">Massimo<\/span><\/strong><\/a> pour nous avoir mis sur la piste de cette proc\u00e9dure.<\/p>\n<p>&nbsp;<\/p>\n","protected":false},"excerpt":{"rendered":"<p>Mon S-Max Aide S-Max Probl\u00e8mes Accessoires Sur la Route G\u00e9n\u00e9ral &nbsp; Un aimable visiteur de mon blog,&nbsp; Massimo ,&nbsp;m&rsquo;a renseign\u00e9 l&rsquo;existence d&rsquo;une proc\u00e9dure pour le calibrage des pneumatiques via le combin\u00e9 \u00ab\u00a0Auto-radio\/GPS\u00a0\u00bb du S-MAX. Il serait donc possible d&rsquo;indiquer au syst\u00e8me le changement de format des jantes \/ pneus et ce dernier en tiendrait donc &hellip; <a href=\"https:\/\/denis-meunier.be\/smax\/2007\/10\/23\/calibrage-des-pneumatiques\/\" class=\"more-link\">Continuer la lecture de <span class=\"screen-reader-text\">Calibrage des pneumatiques<\/span><\/a><\/p>\n","protected":false},"author":1,"featured_media":0,"comment_status":"closed","ping_status":"open","sticky":false,"template":"","format":"standard","meta":{"footnotes":""},"categories":[5],"tags":[],"class_list":["post-22","post","type-post","status-publish","format-standard","hentry","category-aide-s-max"],"_links":{"self":[{"href":"https:\/\/denis-meunier.be\/smax\/wp-json\/wp\/v2\/posts\/22","targetHints":{"allow":["GET"]}}],"collection":[{"href":"https:\/\/denis-meunier.be\/smax\/wp-json\/wp\/v2\/posts"}],"about":[{"href":"https:\/\/denis-meunier.be\/smax\/wp-json\/wp\/v2\/types\/post"}],"author":[{"embeddable":true,"href":"https:\/\/denis-meunier.be\/smax\/wp-json\/wp\/v2\/users\/1"}],"replies":[{"embeddable":true,"href":"https:\/\/denis-meunier.be\/smax\/wp-json\/wp\/v2\/comments?post=22"}],"version-history":[{"count":1,"href":"https:\/\/denis-meunier.be\/smax\/wp-json\/wp\/v2\/posts\/22\/revisions"}],"predecessor-version":[{"id":168,"href":"https:\/\/denis-meunier.be\/smax\/wp-json\/wp\/v2\/posts\/22\/revisions\/168"}],"wp:attachment":[{"href":"https:\/\/denis-meunier.be\/smax\/wp-json\/wp\/v2\/media?parent=22"}],"wp:term":[{"taxonomy":"category","embeddable":true,"href":"https:\/\/denis-meunier.be\/smax\/wp-json\/wp\/v2\/categories?post=22"},{"taxonomy":"post_tag","embeddable":true,"href":"https:\/\/denis-meunier.be\/smax\/wp-json\/wp\/v2\/tags?post=22"}],"curies":[{"name":"wp","href":"https:\/\/api.w.org\/{rel}","templated":true}]}}