{"id":21,"date":"2007-08-07T09:31:00","date_gmt":"2007-08-07T07:31:00","guid":{"rendered":"http:\/\/denis-meunier.be\/smax\/2007\/08\/07\/et-si-on-parlait-consommation\/"},"modified":"2018-05-04T11:50:38","modified_gmt":"2018-05-04T09:50:38","slug":"et-si-on-parlait-consommation","status":"publish","type":"post","link":"https:\/\/denis-meunier.be\/smax\/2007\/08\/07\/et-si-on-parlait-consommation\/","title":{"rendered":"Et si on parlait CONSOMMATION !"},"content":{"rendered":"<table border=\"1\" cellspacing=\"0\" width=\"100%\" align=\"center\" bgcolor=\"#0099ff\">\n<tbody>\n<tr>\n<td>\n<div>\n<div style=\"text-align: center;\"><span style=\"font-family: Arial,Helvetica,sans-serif;\"><span style=\"font-size: x-small;\"><span style=\"font-size: x-small;\"><strong><a title=\"La description de mon S-MAX\" href=\"http:\/\/smax.skynetblogs.be\/mon-s-max\/\" target=\"_blank\"><span style=\"font-size: x-small; color: #ffffff; font-family: Arial,Helvetica,sans-serif;\"><strong>Mon            S-Max<\/strong><\/span><\/a><\/strong><\/span><\/span><\/span><\/div>\n<\/div>\n<\/td>\n<td>\n<div>\n<div style=\"text-align: center;\"><span style=\"font-family: Arial,Helvetica,sans-serif;\"><span style=\"font-size: x-small;\"><span style=\"font-size: x-small;\"><strong><a title=\"O\u00f9 trouver de l'aide, des renseignements ... au sujet du S-MAX\" href=\"http:\/\/smax.skynetblogs.be\/aide-s-max\/\" target=\"_blank\"><span style=\"font-size: x-small; color: #ffffff; font-family: Arial,Helvetica,sans-serif;\"><strong>Aide            S-Max<\/strong><\/span><\/a><\/strong><\/span><\/span><\/span><\/div>\n<\/div>\n<\/td>\n<td>\n<div>\n<div style=\"text-align: center;\"><span style=\"font-family: Arial,Helvetica,sans-serif;\"><span style=\"font-size: x-small;\"><span style=\"font-size: x-small;\"><strong><a title=\"Les probl\u00e8mes rencontr\u00e9s avec mon S-MAX\" href=\"http:\/\/smax.skynetblogs.be\/problemes\/\" target=\"_blank\"><span style=\"font-size: x-small; color: #ffffff; font-family: Arial,Helvetica,sans-serif;\"><strong>Probl\u00e8mes<\/strong><\/span><\/a><\/strong><\/span><\/span><\/span><\/div>\n<\/div>\n<\/td>\n<td>\n<div>\n<div style=\"text-align: center;\"><a title=\"Les accessoires de mon S-Max\" href=\"http:\/\/smax.skynetblogs.be\/accessoires\/\" target=\"_blank\"><span style=\"font-size: x-small; color: #ffffff; font-family: Arial,Helvetica,sans-serif;\"><strong>Accessoires<\/strong><\/span><\/a><\/div>\n<\/div>\n<\/td>\n<td>\n<div>\n<div style=\"text-align: center;\"><span style=\"font-family: Arial,Helvetica,sans-serif;\"><span style=\"font-size: x-small;\"><span style=\"font-size: x-small;\"><strong><a title=\"Les articles traitant du comportement du S-MAX sur la route , consommation, ...\" href=\"http:\/\/smax.skynetblogs.be\/sur-la-route\/\"><span style=\"font-size: x-small; color: #ffffff; font-family: Arial,Helvetica,sans-serif;\"><strong>Sur            la Route<\/strong><\/span><\/a><\/strong><\/span><\/span><\/span><\/div>\n<\/div>\n<\/td>\n<td>\n<div>\n<div style=\"text-align: center;\"><span style=\"font-family: Arial,Helvetica,sans-serif;\"><span style=\"font-size: x-small;\"><span style=\"font-size: x-small;\"><strong><a title=\"Les autres articles du Blog \" href=\"http:\/\/smax.skynetblogs.be\/general\/\" target=\"_blank\"><span style=\"font-size: x-small; color: #ffffff; font-family: Arial,Helvetica,sans-serif;\"><strong>G\u00e9n\u00e9ral<\/strong><\/span><\/a><\/strong><\/span><\/span><\/span><\/div>\n<\/div>\n<\/td>\n<\/tr>\n<\/tbody>\n<\/table>\n<p><strong>&nbsp;<\/strong><\/p>\n<p><span style=\"font-family: arial;\">CONSOMMATIONS<\/span><\/p>\n<h2><span style=\"font-family: arial;\">Les chiffres <span style=\"color: #0000ff;\">\u00ab\u00a0FORD\u00a0\u00bb<\/span><\/span><\/h2>\n<p><span style=\"font-family: arial;\">En publicit\u00e9, Ford annonce pour le S-MAX 1800 TDCi&nbsp; les consommations de carburant suivantes :<\/span><\/p>\n<table border=\"1\" width=\"100%\">\n<tbody>\n<tr bordercolor=\"#000000\">\n<td colspan=\"2\" height=\"20\">\n<p>&nbsp;<\/p>\n<\/td>\n<td colspan=\"3\" height=\"20\">\n<div><strong><span style=\"font-size: x-small; font-family: arial;\">Consommation<br \/>(L\/100 Km)<\/span><\/strong><\/div>\n<\/td>\n<\/tr>\n<tr bordercolor=\"#000000\">\n<td width=\"25%\">\n<div><strong><span style=\"font-size: x-small; font-family: arial;\">Moteur<\/span><\/strong><\/div>\n<\/td>\n<td width=\"19%\">\n<div><strong><span style=\"font-size: x-small; font-family: arial;\">Transmission<\/span><\/strong><\/div>\n<\/td>\n<td width=\"24%\">\n<div><strong><span style=\"font-size: x-small; font-family: arial;\">Urbaines<\/span><\/strong><\/div>\n<\/td>\n<td width=\"18%\">\n<div><strong><span style=\"font-size: x-small; font-family: arial;\">Extra Urbaine<\/span><\/strong><\/div>\n<\/td>\n<td width=\"14%\">\n<div><strong><span style=\"font-size: x-small; font-family: arial;\">Combin\u00e9e<\/span><\/strong><\/div>\n<\/td>\n<\/tr>\n<tr bordercolor=\"#000000\">\n<td width=\"25%\"><span style=\"font-size: x-small; font-family: arial;\">1,8 Duratorq TDCi 125 ch<\/span><\/td>\n<td width=\"19%\"><span style=\"font-size: x-small; font-family: arial;\">Manuelle 6 vitesses<\/span><\/td>\n<td width=\"24%\">\n<div><strong><span style=\"font-size: x-small; color: #ff0000; font-family: arial;\">7,9<\/span><\/strong><\/div>\n<\/td>\n<td width=\"18%\">\n<div><strong><span style=\"font-size: x-small; color: #ff0000; font-family: arial;\">5,2<\/span><\/strong><\/div>\n<\/td>\n<td width=\"14%\">\n<div><strong><span style=\"font-size: x-small; color: #ff0000; font-family: arial;\">6,2<\/span><\/strong><\/div>\n<\/td>\n<\/tr>\n<tr bordercolor=\"#000000\">\n<td colspan=\"5\">\n<div><span><span style=\"font-family: arial;\"><span style=\"font-size: x-small;\">Source<\/span><span style=\"font-size: xx-small;\"> : <a href=\"http:\/\/www2.fordconnection.com\/fordconnection\/multimedia\/fra_fr\/006\/yyn\/fra_fr006yynfuelspc.htm\" target=\"_blank\">http:\/\/www2.fordconnection.com\/fordconnection\/multimedia\/fra_fr\/006\/yyn\/fra_fr006yynfuelspc.htm<\/a><\/span><\/span><\/span><\/div>\n<\/td>\n<\/tr>\n<\/tbody>\n<\/table>\n<h2><span style=\"font-family: arial;\"><span style=\"color: #ff0000;\">Et sur le terrain<\/span> :<\/span><\/h2>\n<h2><span style=\"font-family: arial;\">Ma consommation :<\/span><\/h2>\n<table class=\"detailtable\" width=\"466\" height=\"274\">\n<tbody>\n<tr>\n<td class=\"showhide\"><a href=\"http:\/\/www.spritmonitor.de\/en\/detail\/282874.html\"><br \/><\/a><\/td>\n<td>Consommation totale:<\/td>\n<td><\/td>\n<td>&nbsp;<\/td>\n<td><strong>6,94<\/strong> l\/100km<\/td>\n<td>109.553 km\t                and\t                7.607 l<\/td>\n<\/tr>\n<tr>\n<td><\/td>\n<td>CO<sub>2<\/sub> emission:<\/td>\n<td><\/td>\n<td>&nbsp;<\/td>\n<td><strong>183<\/strong> g\/km<\/td>\n<td>109.553 km\t                and\t                20.082 kg<\/td>\n<\/tr>\n<tr>\n<td class=\"details\"><\/td>\n<td class=\"details\" colspan=\"5\">\n<p>&nbsp;<\/p>\n<p>Suivant les pneumatiques:<\/p>\n<\/td>\n<\/tr>\n<tr>\n<td class=\"details\"><\/td>\n<td class=\"details\" colspan=\"2\">&nbsp;&nbsp; \u00c9t\u00e9<\/td>\n<td class=\"details\"><img decoding=\"async\" src=\"http:\/\/denis-meunier.be\/smax\/wp-content\/uploads\/2007\/08\/tire_1.png\" alt=\"\" \/><\/td>\n<td class=\"details\"><strong>6.93<\/strong> l\/100km<\/td>\n<td class=\"details\">71.398 km\t                and\t                4.945 l<\/td>\n<\/tr>\n<tr>\n<td class=\"details\"><\/td>\n<td class=\"details\" colspan=\"2\">&nbsp;&nbsp; Hiver<\/td>\n<td class=\"details\"><img decoding=\"async\" src=\"http:\/\/denis-meunier.be\/smax\/wp-content\/uploads\/2007\/08\/tire_2.png\" alt=\"\" \/><\/td>\n<td class=\"details\"><strong>6.98<\/strong> l\/100km<\/td>\n<td class=\"details\">38.155 km\t                and\t                2.661 l<\/td>\n<\/tr>\n<tr>\n<td class=\"details\"><\/td>\n<td class=\"details\" colspan=\"5\"><\/td>\n<\/tr>\n<tr>\n<td class=\"details\"><\/td>\n<td class=\"details\" colspan=\"2\"><\/td>\n<td class=\"details\"><\/td>\n<td class=\"details\"><\/td>\n<td class=\"details\"><\/td>\n<\/tr>\n<tr>\n<td class=\"details\"><\/td>\n<td class=\"details\" colspan=\"5\">Routes:<\/td>\n<\/tr>\n<tr>\n<td class=\"details\"><\/td>\n<td class=\"details\" colspan=\"2\">&nbsp;&nbsp; Autoroutes<\/td>\n<td class=\"details\"><img decoding=\"async\" src=\"http:\/\/denis-meunier.be\/smax\/wp-content\/uploads\/2007\/08\/street_1.png\" alt=\"\" \/><\/td>\n<td class=\"details\"><strong>6.94<\/strong> l\/100km<\/td>\n<td class=\"details\">109.553 km\t                and\t                7.607 l<\/td>\n<\/tr>\n<tr>\n<td class=\"details\"><\/td>\n<td class=\"details\" colspan=\"2\">&nbsp;&nbsp; Villes<\/td>\n<td class=\"details\"><img decoding=\"async\" src=\"http:\/\/denis-meunier.be\/smax\/wp-content\/uploads\/2007\/08\/street_2.png\" alt=\"\" \/><\/td>\n<td class=\"details\"><strong>7.47<\/strong> l\/100km<\/td>\n<td class=\"details\">27.302 km\t                and\t                2.039 l<\/td>\n<\/tr>\n<tr>\n<td class=\"details\"><\/td>\n<td class=\"details\" colspan=\"2\">&nbsp;&nbsp;&nbsp;Campagnes&#8230;<\/td>\n<td class=\"details\"><img decoding=\"async\" src=\"http:\/\/denis-meunier.be\/smax\/wp-content\/uploads\/2007\/08\/street_3.png\" alt=\"\" \/><\/td>\n<td class=\"details\"><strong>6.94<\/strong> l\/100km<\/td>\n<td class=\"details\">95.790 km\t                and\t                6.650 l<\/td>\n<\/tr>\n<tr>\n<td class=\"details\"><\/td>\n<td class=\"details\" colspan=\"5\"><\/td>\n<\/tr>\n<tr>\n<td class=\"details\"><\/td>\n<td class=\"details\" colspan=\"2\"><\/td>\n<td class=\"details\"><\/td>\n<td class=\"details\"><\/td>\n<td class=\"details\"><\/td>\n<\/tr>\n<tr>\n<td><\/td>\n<td>Co\u00fbt Carburant :<\/td>\n<td><\/td>\n<td>&nbsp;<\/td>\n<td><strong>7,22<\/strong> EUR\/100km<\/td>\n<td>107.306 km\t                and\t                7.743 EUR<\/td>\n<\/tr>\n<\/tbody>\n<\/table>\n<h2><span style=\"font-size: x-small; font-family: arial;\"><span style=\"font-size: x-small;\">Pour voir la consommation <span style=\"text-decoration: underline;\">en d\u00e9tail<\/span> de mon&nbsp;S-Max (r\u00e9capitulatif depuis son achat), j&rsquo;utilise maintenant&nbsp;le site <span>Spritmonitor.de <\/span>: <\/span><\/span><\/h2>\n<p style=\"text-align: center;\"><span style=\"font-size: x-small;\"><span style=\"font-size: x-small;\"><span style=\"font-family: arial;\"><strong><em>Cliquez sur le logo<\/em><\/strong> suivant pour acc\u00e9der aux donn\u00e9es d\u00e9taill\u00e9es de la consommation de mon<strong> <span style=\"color: #ff0000;\">S<\/span><span style=\"color: #0000ff;\">-MAX<\/span><\/strong><\/span><\/span><\/span><\/p>\n<p style=\"text-align: center;\"><a title=\"Voir la consommation de mon S-Max\" href=\"http:\/\/www.spritmonitor.de\/en\/detail\/282874.html\" target=\"_blank\"><img decoding=\"async\" style=\"float: left; margin: 0.2em 1.4em 0.7em 0;\" src=\"http:\/\/denis-meunier.be\/smax\/wp-content\/uploads\/2007\/08\/spritmonitor.png\" alt=\"spritmonitor.png\" \/><\/a><\/p>\n<p style=\"text-align: center;\">&nbsp;<\/p>\n<p style=\"text-align: center;\">&nbsp;<\/p>\n<p style=\"text-align: center;\"><span style=\"font-size: x-small;\"><span style=\"font-family: arial;\">(les donn\u00e9es y sont r\u00e9guli\u00e8rement actualis\u00e9es)<\/span><\/span><\/p>\n<p><span style=\"font-size: x-small;\"><span style=\"font-size: x-small;\"><span style=\"font-family: arial;\">Je trouve ce site tr\u00e8s <strong><span style=\"color: #ff0000;\">pratique<\/span><\/strong> et tr\u00e8s bien organis\u00e9 ; Dommage que ce ne soit qu&rsquo;en Allemand ou Anglais mais il est :<\/span><\/span><\/span><\/p>\n<p style=\"padding-left: 30px;\"><span style=\"font-size: x-small;\"><span style=\"font-size: x-small;\"><span style=\"font-family: arial;\">&#8211; simple d&rsquo;usage,<br \/>&#8211; pratique (renseigne \u00e9missions de CO2, L\/100 Km, compare la consommation avec d&rsquo;autres &#8230;)<br \/>&#8211;&nbsp;et en plus <strong><span style=\"color: #ff0000;\">gratuit<\/span>.<\/strong><\/span><\/span><\/span><\/p>\n<p><span style=\"font-size: x-small;\"><span style=\"font-size: x-small;\"><span style=\"font-family: arial;\"><strong><span style=\"text-decoration: underline;\">Notre type et style de conduite<\/span><\/strong> :<\/span><\/span><\/span><\/p>\n<ul>\n<li><span style=\"font-size: x-small;\"><span style=\"font-size: x-small; font-family: arial;\">le v\u00e9hicule effectue tr\u00e8s peu de \u00ab\u00a0Ville\u00a0\u00bb (moins de 10%, compris dans \u00ab\u00a0Mix\u00a0\u00bb) <\/span><\/span><\/li>\n<li><span style=\"font-size: x-small;\"><span style=\"font-size: x-small; font-family: arial;\">notre style de conduite n&rsquo;est pas sportif (respect des limites de vitesse, &#8230; )<\/span><\/span><\/li>\n<\/ul>\n<p>&nbsp;<span style=\"font-size: x-small;\"><span style=\"font-family: arial;\">&nbsp;<strong><span style=\"text-decoration: underline;\">Remarques<\/span><\/strong> :<\/span><\/span><\/p>\n<ul>\n<li><span style=\"font-size: x-small;\"><span style=\"font-family: arial;\"><span>L&rsquo;ordinateur de bord nous a fr\u00e9quemment annonc\u00e9 des consommations moyennes de 6,4 L\/100 Km (et m\u00eame moins) ce qui n&rsquo;a jamais \u00e9t\u00e9 confirm\u00e9 par les chiffres ;<\/span> <a title=\"Coucou\" href=\"http:\/\/blogs.skynet.be\/\" target=\"_self\"><\/a><\/span><\/span><\/li>\n<li><span style=\"font-size: x-small;\"><span style=\"font-family: arial;\">L&rsquo;autonomie pr\u00e9vue lors du remplissage du r\u00e9servoir n&rsquo;a jamais \u00e9t\u00e9 approch\u00e9e&nbsp;&nbsp;<\/span><\/span><\/li>\n<\/ul>\n","protected":false},"excerpt":{"rendered":"<p>Mon S-Max Aide S-Max Probl\u00e8mes Accessoires Sur la Route G\u00e9n\u00e9ral &nbsp; CONSOMMATIONS Les chiffres \u00ab\u00a0FORD\u00a0\u00bb En publicit\u00e9, Ford annonce pour le S-MAX 1800 TDCi&nbsp; les consommations de carburant suivantes : &nbsp; Consommation(L\/100 Km) Moteur Transmission Urbaines Extra Urbaine Combin\u00e9e 1,8 Duratorq TDCi 125 ch Manuelle 6 vitesses 7,9 5,2 6,2 Source : http:\/\/www2.fordconnection.com\/fordconnection\/multimedia\/fra_fr\/006\/yyn\/fra_fr006yynfuelspc.htm Et sur &hellip; <a href=\"https:\/\/denis-meunier.be\/smax\/2007\/08\/07\/et-si-on-parlait-consommation\/\" class=\"more-link\">Continuer la lecture de <span class=\"screen-reader-text\">Et si on parlait CONSOMMATION !<\/span><\/a><\/p>\n","protected":false},"author":1,"featured_media":0,"comment_status":"closed","ping_status":"open","sticky":false,"template":"","format":"standard","meta":{"footnotes":""},"categories":[2],"tags":[],"class_list":["post-21","post","type-post","status-publish","format-standard","hentry","category-sur-la-route"],"_links":{"self":[{"href":"https:\/\/denis-meunier.be\/smax\/wp-json\/wp\/v2\/posts\/21","targetHints":{"allow":["GET"]}}],"collection":[{"href":"https:\/\/denis-meunier.be\/smax\/wp-json\/wp\/v2\/posts"}],"about":[{"href":"https:\/\/denis-meunier.be\/smax\/wp-json\/wp\/v2\/types\/post"}],"author":[{"embeddable":true,"href":"https:\/\/denis-meunier.be\/smax\/wp-json\/wp\/v2\/users\/1"}],"replies":[{"embeddable":true,"href":"https:\/\/denis-meunier.be\/smax\/wp-json\/wp\/v2\/comments?post=21"}],"version-history":[{"count":1,"href":"https:\/\/denis-meunier.be\/smax\/wp-json\/wp\/v2\/posts\/21\/revisions"}],"predecessor-version":[{"id":175,"href":"https:\/\/denis-meunier.be\/smax\/wp-json\/wp\/v2\/posts\/21\/revisions\/175"}],"wp:attachment":[{"href":"https:\/\/denis-meunier.be\/smax\/wp-json\/wp\/v2\/media?parent=21"}],"wp:term":[{"taxonomy":"category","embeddable":true,"href":"https:\/\/denis-meunier.be\/smax\/wp-json\/wp\/v2\/categories?post=21"},{"taxonomy":"post_tag","embeddable":true,"href":"https:\/\/denis-meunier.be\/smax\/wp-json\/wp\/v2\/tags?post=21"}],"curies":[{"name":"wp","href":"https:\/\/api.w.org\/{rel}","templated":true}]}}