{"id":20,"date":"2007-06-29T10:06:00","date_gmt":"2007-06-29T08:06:00","guid":{"rendered":"http:\/\/denis-meunier.be\/smax\/2007\/06\/29\/les-maladies-de-jeunesse-suite-et-fin-jespere\/"},"modified":"2018-05-04T11:50:41","modified_gmt":"2018-05-04T09:50:41","slug":"les-maladies-de-jeunesse-suite-et-fin-jespere","status":"publish","type":"post","link":"https:\/\/denis-meunier.be\/smax\/2007\/06\/29\/les-maladies-de-jeunesse-suite-et-fin-jespere\/","title":{"rendered":"Les Maladies de jeunesse &#8211; SUITE et FIN (j&rsquo;esp\u00e8re !)"},"content":{"rendered":"<table border=\"1\" cellspacing=\"0\" width=\"100%\" align=\"center\" bgcolor=\"#0099ff\">\n<tbody>\n<tr>\n<td>\n<div>\n<div style=\"text-align: center;\"><span style=\"font-family: Arial,Helvetica,sans-serif;\"><span style=\"font-size: x-small;\"><span style=\"font-size: x-small;\"><strong><a title=\"La description de mon S-MAX\" href=\"http:\/\/smax.skynetblogs.be\/mon-s-max\/\" target=\"_blank\"><span style=\"font-size: x-small; color: #ffffff; font-family: Arial,Helvetica,sans-serif;\"><strong>Mon            S-Max<\/strong><\/span><\/a><\/strong><\/span><\/span><\/span><\/div>\n<\/div>\n<\/td>\n<td>\n<div>\n<div style=\"text-align: center;\"><span style=\"font-family: Arial,Helvetica,sans-serif;\"><span style=\"font-size: x-small;\"><span style=\"font-size: x-small;\"><strong><a title=\"O\u00f9 trouver de l'aide, des renseignements ... au sujet du S-MAX\" href=\"http:\/\/smax.skynetblogs.be\/aide-s-max\/\" target=\"_blank\"><span style=\"font-size: x-small; color: #ffffff; font-family: Arial,Helvetica,sans-serif;\"><strong>Aide            S-Max<\/strong><\/span><\/a><\/strong><\/span><\/span><\/span><\/div>\n<\/div>\n<\/td>\n<td>\n<div>\n<div style=\"text-align: center;\"><span style=\"font-family: Arial,Helvetica,sans-serif;\"><span style=\"font-size: x-small;\"><span style=\"font-size: x-small;\"><strong><a title=\"Les probl\u00e8mes rencontr\u00e9s avec mon S-MAX\" href=\"http:\/\/smax.skynetblogs.be\/problemes\/\" target=\"_blank\"><span style=\"font-size: x-small; color: #ffffff; font-family: Arial,Helvetica,sans-serif;\"><strong>Probl\u00e8mes<\/strong><\/span><\/a><\/strong><\/span><\/span><\/span><\/div>\n<\/div>\n<\/td>\n<td>\n<div>\n<div style=\"text-align: center;\"><a title=\"Les accessoires de mon S-Max\" href=\"http:\/\/smax.skynetblogs.be\/accessoires\/\" target=\"_blank\"><span style=\"font-size: x-small; color: #ffffff; font-family: Arial,Helvetica,sans-serif;\"><strong>Accessoires<\/strong><\/span><\/a><\/div>\n<\/div>\n<\/td>\n<td>\n<div>\n<div style=\"text-align: center;\"><span style=\"font-family: Arial,Helvetica,sans-serif;\"><span style=\"font-size: x-small;\"><span style=\"font-size: x-small;\"><strong><a title=\"Les articles traitant du comportement du S-MAX sur la route , consommation, ...\" href=\"http:\/\/smax.skynetblogs.be\/sur-la-route\/\"><span style=\"font-size: x-small; color: #ffffff; font-family: Arial,Helvetica,sans-serif;\"><strong>Sur            la Route<\/strong><\/span><\/a><\/strong><\/span><\/span><\/span><\/div>\n<\/div>\n<\/td>\n<td>\n<div>\n<div style=\"text-align: center;\"><span style=\"font-family: Arial,Helvetica,sans-serif;\"><span style=\"font-size: x-small;\"><span style=\"font-size: x-small;\"><strong><a title=\"Les autres articles du Blog \" href=\"http:\/\/smax.skynetblogs.be\/general\/\" target=\"_blank\"><span style=\"font-size: x-small; color: #ffffff; font-family: Arial,Helvetica,sans-serif;\"><strong>G\u00e9n\u00e9ral<\/strong><\/span><\/a><\/strong><\/span><\/span><\/span><\/div>\n<\/div>\n<\/td>\n<\/tr>\n<\/tbody>\n<\/table>\n<p><strong>&nbsp;<\/strong><\/p>\n<p><span style=\"font-family: Arial;\"><span style=\"font-size: x-small;\">Le S-Max est rentr\u00e9 au garage ce lundi 4 juin pour le remplacement du <strong><em>&lsquo;volant moteur&rsquo;<\/em><\/strong>. Notre d\u00e9part en cong\u00e9s \u00e9tant pr\u00e9vu pour le 10 juin, nous avons quelque peu mis la pression sur le concessionnaire. <br \/>Un v\u00e9hicule de remplacement (Ford Focus break &#8211; ancien mais en tr\u00e8s bon \u00e9tat) nous est mis \u00e0 disposition pour le temps de la r\u00e9paration. <\/span><\/span><\/p>\n<p><span style=\"font-size: x-small;\">Le Jeudi 7 juin au soir : <strong>v\u00e9hicule toujours pas termin\u00e9<\/strong> mais promesse ferme&nbsp;du concessionnaire de trouver une solution&nbsp;<em>&lsquo; quoi qu&rsquo;il arrive &lsquo;<\/em>&nbsp; !<\/span><\/p>\n<p><span style=\"font-size: x-small;\">Vendredi 8 juin midi, appel du concessionnaire pour nous signaler que le v\u00e9hicule est pr\u00eat et que &lsquo;<strong>tous les probl\u00e8mes sont r\u00e9solus&rsquo;<\/strong>. ( ? ) <\/span><\/p>\n<p><span style=\"font-size: x-small;\">Dans l&rsquo;apr\u00e8s-midi je r\u00e9cup\u00e8re le v\u00e9hicule ; <strong>premi\u00e8re<\/strong><span> (bonne) <\/span><strong>surprise<\/strong>, le concessionnaire, sachant que nous partions en cong\u00e9, a fait lav\u00e9 le v\u00e9hicule avant de nous le restituer. <br \/><strong>&nbsp;&nbsp;&nbsp;&nbsp; <img decoding=\"async\" src=\"http:\/\/denis-meunier.be\/smax\/wp-content\/uploads\/2007\/06\/icon_biggrin.5.gif\" border=\"0\" alt=\"\" \/>&nbsp;\u00c7a c&rsquo;est du service !<\/strong><span> <img decoding=\"async\" src=\"http:\/\/denis-meunier.be\/smax\/wp-content\/uploads\/2007\/06\/icon_biggrin.5.gif\" border=\"0\" alt=\"\" \/><br \/>Il m&rsquo;informe \u00e9galement de ce que les vibrations entre 1800 et 2000 tours sont bien disparues. <em>Ce probl\u00e8me est connu chez <strong>Ford <\/strong>sur les <span style=\"text-decoration: underline;\">premiers<\/span> mod\u00e8les S-Max 1800 TDci.<\/em> <br \/>Le logiciel du v\u00e9hicule a \u00e9galement \u00e9t\u00e9 mis \u00e0 jour.<\/span><\/span><\/p>\n<p><span style=\"font-size: x-small;\">Mais la <strong>surprise majeure<\/strong> sera pour moi (et plus tard mon \u00e9pouse) lors du d\u00e9marrage : <br \/><strong>&nbsp;&nbsp;&nbsp;&nbsp;<span style=\"color: #ff0000;\">&nbsp; CE N&rsquo;EST PLUS LE MEME VEHICULE : PLUS DE CALLAGE !!! <\/span><br \/><\/strong>(cette am\u00e9lioration r\u00e9sulterait de la mise \u00e0 jour et d&rsquo;un param\u00e9trage correct du logiciel du v\u00e9hicule.)<\/span><\/p>\n<p><strong><span style=\"font-size: x-small;\">Le 10 juin, (apr\u00e8s notre devoir \u00e9lectoral <img decoding=\"async\" src=\"http:\/\/denis-meunier.be\/smax\/wp-content\/uploads\/2007\/06\/icon_rolleyes.gif\" border=\"0\" alt=\"\" \/>&nbsp;), nous sommes partis pour les Lacs De Garde et Leman. <br \/><span style=\"color: #990000;\">(R\u00e9sum\u00e9 des impressions, consommations &#8230; dans un prochain article. )<\/span><\/span><\/strong><\/p>\n<p><a title=\"Dsc00045r\" href=\"http:\/\/denis-meunier.be\/smax\/wp-content\/uploads\/2007\/06\/dyn009_original_790_592_pjpeg_2569915_a8ce78d7fe65a70987b5ae0ceb9ffe46.jpg\" target=\"_blank\"><img decoding=\"async\" src=\"http:\/\/denis-meunier.be\/smax\/wp-content\/uploads\/2007\/06\/dyn009_small150_790_592_jpeg_2569915_a8ce78d7fe65a70987b5ae0ceb9ffe46.jpg\" border=\"0\" alt=\"Cliquez pour agrandir\" align=\"center\" \/><\/a><br \/><span style=\"font-size: xx-small; color: #999999;\">(Cliquez pour agrandir)<\/span><\/p>\n<p>&nbsp;<\/p>\n","protected":false},"excerpt":{"rendered":"<p>Mon S-Max Aide S-Max Probl\u00e8mes Accessoires Sur la Route G\u00e9n\u00e9ral &nbsp; Le S-Max est rentr\u00e9 au garage ce lundi 4 juin pour le remplacement du &lsquo;volant moteur&rsquo;. Notre d\u00e9part en cong\u00e9s \u00e9tant pr\u00e9vu pour le 10 juin, nous avons quelque peu mis la pression sur le concessionnaire. Un v\u00e9hicule de remplacement (Ford Focus break &#8211; &hellip; <a href=\"https:\/\/denis-meunier.be\/smax\/2007\/06\/29\/les-maladies-de-jeunesse-suite-et-fin-jespere\/\" class=\"more-link\">Continuer la lecture de <span class=\"screen-reader-text\">Les Maladies de jeunesse &#8211; SUITE et FIN (j&rsquo;esp\u00e8re !)<\/span><\/a><\/p>\n","protected":false},"author":1,"featured_media":0,"comment_status":"closed","ping_status":"open","sticky":false,"template":"","format":"standard","meta":{"footnotes":""},"categories":[7],"tags":[],"class_list":["post-20","post","type-post","status-publish","format-standard","hentry","category-problemes"],"_links":{"self":[{"href":"https:\/\/denis-meunier.be\/smax\/wp-json\/wp\/v2\/posts\/20","targetHints":{"allow":["GET"]}}],"collection":[{"href":"https:\/\/denis-meunier.be\/smax\/wp-json\/wp\/v2\/posts"}],"about":[{"href":"https:\/\/denis-meunier.be\/smax\/wp-json\/wp\/v2\/types\/post"}],"author":[{"embeddable":true,"href":"https:\/\/denis-meunier.be\/smax\/wp-json\/wp\/v2\/users\/1"}],"replies":[{"embeddable":true,"href":"https:\/\/denis-meunier.be\/smax\/wp-json\/wp\/v2\/comments?post=20"}],"version-history":[{"count":1,"href":"https:\/\/denis-meunier.be\/smax\/wp-json\/wp\/v2\/posts\/20\/revisions"}],"predecessor-version":[{"id":180,"href":"https:\/\/denis-meunier.be\/smax\/wp-json\/wp\/v2\/posts\/20\/revisions\/180"}],"wp:attachment":[{"href":"https:\/\/denis-meunier.be\/smax\/wp-json\/wp\/v2\/media?parent=20"}],"wp:term":[{"taxonomy":"category","embeddable":true,"href":"https:\/\/denis-meunier.be\/smax\/wp-json\/wp\/v2\/categories?post=20"},{"taxonomy":"post_tag","embeddable":true,"href":"https:\/\/denis-meunier.be\/smax\/wp-json\/wp\/v2\/tags?post=20"}],"curies":[{"name":"wp","href":"https:\/\/api.w.org\/{rel}","templated":true}]}}