{"id":14,"date":"2007-02-06T10:14:00","date_gmt":"2007-02-06T09:14:00","guid":{"rendered":"http:\/\/denis-meunier.be\/smax\/2007\/02\/06\/bilan-apres-six-mois-dutilisation\/"},"modified":"2018-05-04T11:50:52","modified_gmt":"2018-05-04T09:50:52","slug":"bilan-apres-six-mois-dutilisation","status":"publish","type":"post","link":"https:\/\/denis-meunier.be\/smax\/2007\/02\/06\/bilan-apres-six-mois-dutilisation\/","title":{"rendered":"BILAN apr\u00e8s six mois d&rsquo;utilisation"},"content":{"rendered":"<table border=\"1\" cellspacing=\"0\" width=\"100%\" align=\"center\" bgcolor=\"#0099ff\">\n<tbody>\n<tr>\n<td>\n<div>\n<div style=\"text-align: center;\"><span style=\"font-family: Arial,Helvetica,sans-serif;\"><span style=\"font-size: x-small;\"><span style=\"font-size: x-small;\"><strong><a title=\"La description de mon S-MAX\" href=\"http:\/\/smax.skynetblogs.be\/mon-s-max\/\" target=\"_blank\"><span style=\"font-size: x-small; color: #ffffff; font-family: Arial,Helvetica,sans-serif;\"><strong>Mon            S-Max<\/strong><\/span><\/a><\/strong><\/span><\/span><\/span><\/div>\n<\/div>\n<\/td>\n<td>\n<div>\n<div style=\"text-align: center;\"><span style=\"font-family: Arial,Helvetica,sans-serif;\"><span style=\"font-size: x-small;\"><span style=\"font-size: x-small;\"><strong><a title=\"O\u00f9 trouver de l'aide, des renseignements ... au sujet du S-MAX\" href=\"http:\/\/smax.skynetblogs.be\/aide-s-max\/\" target=\"_blank\"><span style=\"font-size: x-small; color: #ffffff; font-family: Arial,Helvetica,sans-serif;\"><strong>Aide            S-Max<\/strong><\/span><\/a><\/strong><\/span><\/span><\/span><\/div>\n<\/div>\n<\/td>\n<td>\n<div>\n<div style=\"text-align: center;\"><span style=\"font-family: Arial,Helvetica,sans-serif;\"><span style=\"font-size: x-small;\"><span style=\"font-size: x-small;\"><strong><a title=\"Les probl\u00e8mes rencontr\u00e9s avec mon S-MAX\" href=\"http:\/\/smax.skynetblogs.be\/problemes\/\" target=\"_blank\"><span style=\"font-size: x-small; color: #ffffff; font-family: Arial,Helvetica,sans-serif;\"><strong>Probl\u00e8mes<\/strong><\/span><\/a><\/strong><\/span><\/span><\/span><\/div>\n<\/div>\n<\/td>\n<td>\n<div>\n<div style=\"text-align: center;\"><a title=\"Les accessoires de mon S-Max\" href=\"http:\/\/smax.skynetblogs.be\/accessoires\/\" target=\"_blank\"><span style=\"font-size: x-small; color: #ffffff; font-family: Arial,Helvetica,sans-serif;\"><strong>Accessoires<\/strong><\/span><\/a><\/div>\n<\/div>\n<\/td>\n<td>\n<div>\n<div style=\"text-align: center;\"><span style=\"font-family: Arial,Helvetica,sans-serif;\"><span style=\"font-size: x-small;\"><span style=\"font-size: x-small;\"><strong><a title=\"Les articles traitant du comportement du S-MAX sur la route , consommation, ...\" href=\"http:\/\/smax.skynetblogs.be\/sur-la-route\/\"><span style=\"font-size: x-small; color: #ffffff; font-family: Arial,Helvetica,sans-serif;\"><strong>Sur            la Route<\/strong><\/span><\/a><\/strong><\/span><\/span><\/span><\/div>\n<\/div>\n<\/td>\n<td>\n<div>\n<div style=\"text-align: center;\"><span style=\"font-family: Arial,Helvetica,sans-serif;\"><span style=\"font-size: x-small;\"><span style=\"font-size: x-small;\"><strong><a title=\"Les autres articles du Blog \" href=\"http:\/\/smax.skynetblogs.be\/general\/\" target=\"_blank\"><span style=\"font-size: x-small; color: #ffffff; font-family: Arial,Helvetica,sans-serif;\"><strong>G\u00e9n\u00e9ral<\/strong><\/span><\/a><\/strong><\/span><\/span><\/span><\/div>\n<\/div>\n<\/td>\n<\/tr>\n<\/tbody>\n<\/table>\n<p><strong>&nbsp;<\/strong><\/p>\n<p>Apr\u00e8s six mois et plus ou moins 10.000 Km, c&rsquo;est le moment de dresser un premier bilan.<\/p>\n<p>&nbsp;<\/p>\n<p><img loading=\"lazy\" decoding=\"async\" src=\"http:\/\/denis-meunier.be\/smax\/wp-content\/uploads\/2007\/02\/dyn007_original_500_375_pjpeg_2569915_8c8256fa3d5c2cf8d35b0e65925f5b53.jpg\" border=\"0\" alt=\"Octobre 2006, Mon S-Max avec jantes 18 pouces\" width=\"500\" height=\"375\" align=\"center\" \/><\/p>\n<h3><span style=\"font-family: Arial;\">Impressions g\u00e9n\u00e9rales :<\/span><\/h3>\n<p><span style=\"font-size: x-small; font-family: Arial;\">C&rsquo;est au niveau confort que le S-Max m&rsquo;a conquis ; cela est surtout remarquable&nbsp;lors de&nbsp;longs trajets sur autoroutes. Les si\u00e8ges enveloppent et soutiennent confortablement aussi bien au niveau conducteur que passagers, avant ou arri\u00e8res. Apr\u00e8s plus de 1.000 km (effectu\u00e9s en 10 heures &#8211; d\u00e9part\/arriv\u00e9e) nous sommes sortis du v\u00e9hicule sans \u00e9prouver de fatigue particuli\u00e8re.<\/span><\/p>\n<p><span style=\"font-size: x-small; font-family: Arial;\">L&rsquo;espace int\u00e9rieur est lui aussi impressionnant ; m\u00eame avec les si\u00e8ges avants recul\u00e9s dans la position maximale, cela ne nuit absolument pas au confort des passagers des places&nbsp;arri\u00e8res.<\/span><\/p>\n<p><span style=\"font-size: x-small; font-family: Arial;\">Au niveau rangement, l\u00e0 aussi pas de soucis (mon \u00e9pouse n&rsquo;a pas encore r\u00e9ussi \u00e0&nbsp; remplir tous les espaces de rangement&nbsp;! <img loading=\"lazy\" decoding=\"async\" src=\"http:\/\/denis-meunier.be\/smax\/wp-content\/uploads\/2007\/02\/icon_lol.3.gif\" border=\"0\" alt=\"\" width=\"15\" height=\"15\" align=\"bottom\" \/>&nbsp;) <\/span><\/p>\n<p><span style=\"font-size: x-small; font-family: Arial;\">Au niveau m\u00e9canique, nous \u00e9prouvons toujours quelques difficult\u00e9s au d\u00e9marrage mais depuis que nous avons remplac\u00e9 les jantes 18&Prime; par des 16&Prime; (pneumatiques \u00ab\u00a0hiver\u00a0\u00bb), cela semble s&rsquo;\u00eatre am\u00e9lior\u00e9 &#8211; A suivre.<\/span><\/p>\n<h3><span style=\"font-size: small; font-family: Arial;\">Contacts avec le garage et le service \u00ab\u00a0Apr\u00e8s-Vente\u00a0\u00bb<\/span><\/h3>\n<p><span style=\"font-size: x-small; font-family: Arial;\">Quand nous avons acquis notre S-Max, nous \u00e9tions bien conscients que, comme tout nouveau mod\u00e8le de v\u00e9hicule, il devait \u00ab\u00a0faire sa (ses) maladie(s) de jeunesse\u00a0\u00bb et que nous devrions certainement le repr\u00e9senter au garage pour l&rsquo;une ou l&rsquo;autre petite correction. <br \/>Et cela s&rsquo;est produit :<br \/>&#8211; un joint au niveau du r\u00e9ceptacle des eaux de condensation de l&rsquo;air conditionn\u00e9 \u00e9tait soit absent ou mal positionn\u00e9 et de ce fait, dans certaines conditions d&rsquo;inclinaison du v\u00e9hicule, de l&rsquo;eau s&rsquo;\u00e9coulait dans l&rsquo;habitacle au niveau des pieds du passager avant, c\u00f4t\u00e9 console centrale. R\u00e9paration : 1\/2 journ\u00e9e<br \/>&#8211; le v\u00e9hicule a aussi \u00e9t\u00e9 rappel\u00e9 par les services Ford pour v\u00e9rification\/resserrage&nbsp; d&rsquo;un \u00e9crou de masse au niveau du chauffage du pare-brise avant. R\u00e9paration : 5 minutes.<br \/>&#8211; La veille de notre d\u00e9part en Italie, (naturellement le vendredi vers 17h00 ) lors du lavage du v\u00e9hicule, mon \u00e9pouse constate&nbsp;qu&rsquo;un c\u00e2ble \u00e9lectrique longeant la charni\u00e8re du capot avant c\u00f4t\u00e9 conducteur, frotte contre la t\u00f4le lat\u00e9rale de la carrosserie et le m\u00e9tal&nbsp;conducteur est d\u00e9j\u00e0 apparent. Contact\u00e9, notre concessionnaire n&rsquo;a plus d&rsquo;ouvrier disponible \u00e0 cette heure de la journ\u00e9e mais nous conseille de prendre contact avec le service \u00ab\u00a0<strong><span style=\"color: #cc0000;\">Ford Assistance<\/span><\/strong>\u00ab\u00a0. <img loading=\"lazy\" decoding=\"async\" src=\"http:\/\/denis-meunier.be\/smax\/wp-content\/uploads\/2007\/02\/icon_redface.2.gif\" border=\"0\" alt=\"\" width=\"15\" height=\"15\" align=\"bottom\" \/><br \/>La r\u00e9ponse de ce service d&rsquo;assistance est plut\u00f4t d\u00e9cevante : \u00ab\u00a0<em>Mais Madame, vous n&rsquo;\u00eates pas en panne ; nous intervenons qu&rsquo;\u00e0 ce moment !<\/em> \u00a0\u00bb et d\u00e9merde-toi ; tu dois faire 1000 km le lendemain&nbsp;et t&rsquo;attendre&nbsp;\u00e0 tomber en panne !&nbsp;<br \/>Nous rappelons donc notre concessionnaire avec l&rsquo;aide de qui nous trouvons enfin un petit garagiste ind\u00e9pendant de la marque (le patron aux fourneaux &#8211; pardon &#8230;&nbsp;au boulot ) qui accepte de nous recevoir malgr\u00e9 l&rsquo;heure tardive. Un petit bout de toile isolante et il nous assure que nous ne risquons rien ; une r\u00e9paration plus s\u00e9rieuse devra \u00eatre effectu\u00e9e par notre concessionnaire plus tard lors d&rsquo;un entretien ou autre visite.<\/span><\/p>\n<p><span style=\"font-size: x-small; font-family: Arial;\">Je dois ici rendre hommage \u00e0 mon concessionnaire et toute son \u00e9quipe&nbsp; (du vendeur aux techniciens) qui, lors de chacune de mes visites, m&rsquo;ont toujours re\u00e7u avec une cordialit\u00e9&nbsp;exemplaire. Ils ont appris que je n&rsquo;\u00e9tais pas un client \u00ab\u00a0Facile\u00a0\u00bb mais plut\u00f4t exigeant ; malgr\u00e9 cela, \u00e0 chaque probl\u00e8me expos\u00e9, ils essaient de trouver la solution qui m&rsquo;agr\u00e9e. (mais attention, la pr\u00e9sente \u00ab\u00a0pommade\u00a0\u00bb n&rsquo;est pas une garantie pour l&rsquo;avenir !!! &#8211; Mais non, je rigole.)<\/span><\/p>\n<p><span style=\"font-size: x-small; font-family: Arial;\">C&rsquo;est ainsi que derni\u00e8rement, ils m&rsquo;ont mis en contact avec un agent de la soci\u00e9t\u00e9 m\u00e8re \u00ab\u00a0<strong><span style=\"color: #cc0000;\">Ford Antwerpen<\/span><\/strong>\u00a0\u00bb pour essayer de r\u00e9soudre les derniers probl\u00e8mes en instance, \u00e0 savoir :<br \/>&#8211; les blocages au d\u00e9marrage (les techniciens Ford seraient&nbsp;conscients du probl\u00e8me et&nbsp;examineraient le logiciel du v\u00e9hicule. Ils me demandent de patienter encore quelques mois &#8211; A suivre donc)<br \/>&#8211; la non compatibilit\u00e9 de mon GSM avec le mat\u00e9riel Bluetooth Pr\u00e9mium et le berceau de GSM. L\u00e0 aussi, Ford aurait contact\u00e9 la Firme \u00ab\u00a0Nokia\u00a0\u00bb (firme d&rsquo;origine de ce mat\u00e9riel) pour qu&rsquo;une solution soit trouv\u00e9e. (A suivre aussi ! )<\/span><\/p>\n<p><span style=\"font-family: Arial;\"><span style=\"font-size: x-small;\"><span style=\"font-size: medium;\"><strong>En conclusion<\/strong><\/span><\/span><\/span><\/p>\n<p><span style=\"font-size: x-small; font-family: Arial;\">Si je devais donner un <strong>bulletin d&rsquo;appr\u00e9ciation<\/strong>, cela se traduirait de la mani\u00e8re suivante :<\/span><\/p>\n<table border=\"1\" cellspacing=\"0\" cellpadding=\"4\" width=\"100%\" bordercolor=\"#99284c\">\n<colgroup>\n<col width=\"45\"><\/col>\n<col><\/col>\n<col width=\"35\"><\/col>\n<col><\/col>\n<col width=\"176\"><\/col>\n<col><\/col>\n<\/colgroup>\n<tbody>\n<tr>\n<td width=\"18%\" valign=\"top\">\n<p>&nbsp;<\/p>\n<\/td>\n<td width=\"14%\" valign=\"top\">\n<p><span style=\"font-family: Arial;\"><span style=\"font-size: x-small;\"><strong>Cote personnelle<\/strong><\/span><\/span><\/p>\n<\/td>\n<td width=\"69%\">\n<p><span style=\"font-family: Arial;\"><span style=\"font-size: x-small;\"><strong>Remarque<\/strong><\/span><\/span><\/p>\n<\/td>\n<\/tr>\n<tr>\n<td width=\"18%\" valign=\"top\">\n<p><span style=\"font-family: Arial;\"><span style=\"font-size: x-small;\"><strong>Confort<\/strong><\/span><\/span><\/p>\n<\/td>\n<td width=\"14%\">\n<p><span style=\"font-family: Arial;\"><span style=\"font-size: x-small;\">10\/10<\/span><\/span><\/p>\n<\/td>\n<td width=\"69%\">\n<p>&nbsp;<\/p>\n<\/td>\n<\/tr>\n<tr>\n<td width=\"18%\" valign=\"top\">\n<p><span style=\"font-family: Arial;\"><span style=\"font-size: x-small;\"><strong>Habitabilit\u00e9<\/strong><\/span><\/span><\/p>\n<\/td>\n<td width=\"14%\">\n<p><span style=\"font-family: Arial;\"><span style=\"font-size: x-small;\">9\/10 <\/span><\/span><\/p>\n<\/td>\n<td width=\"69%\">\n<p><span style=\"font-family: Arial;\"><span style=\"font-size: x-small;\">Pas 10 parce que la console centrale est peut-\u00eatre un peu trop imposante<\/span><\/span><\/p>\n<\/td>\n<\/tr>\n<tr>\n<td width=\"18%\" valign=\"top\">\n<p><span style=\"font-family: Arial;\"><span style=\"font-size: x-small;\"><strong>Insonorisation<\/strong><\/span><\/span><\/p>\n<\/td>\n<td width=\"14%\">\n<p><span style=\"font-family: Arial;\"><span style=\"font-size: x-small;\">9\/10<\/span><\/span><\/p>\n<\/td>\n<td width=\"69%\">\n<p>&nbsp;<\/p>\n<\/td>\n<\/tr>\n<tr>\n<td width=\"18%\" valign=\"top\">\n<p><span style=\"font-family: Arial;\"><span style=\"font-size: x-small;\"><strong>Qualit\u00e9 des mat\u00e9riaux<\/strong><\/span><\/span><\/p>\n<\/td>\n<td width=\"14%\">\n<p><span style=\"font-family: Arial;\"><span style=\"font-size: x-small;\">7\/10<\/span><\/span><\/p>\n<\/td>\n<td width=\"69%\">\n<p><span style=\"font-family: Arial;\"><span style=\"font-size: x-small;\">Encore rien de cass\u00e9 mais certains plastiques me semblent tr\u00e8s fins \u2013 A manipuler avec pr\u00e9caution<\/span><\/span><\/p>\n<\/td>\n<\/tr>\n<tr>\n<td width=\"18%\" valign=\"top\">\n<p><span style=\"font-family: Arial;\"><span style=\"font-size: x-small;\"><strong>M\u00e9canique<\/strong><\/span><\/span><\/p>\n<\/td>\n<td width=\"14%\">\n<p><span style=\"font-family: Arial;\"><span style=\"font-size: x-small;\">7\/10 <\/span><\/span><\/p>\n<\/td>\n<td width=\"69%\">\n<p><span style=\"font-family: Arial;\"><span style=\"font-size: x-small;\">Bonne routi\u00e8re mais \u00e0 tenir \u00e0 l&rsquo;oeil au d\u00e9marrage \u2013 \u00e0 am\u00e9liorer<\/span><\/span><\/p>\n<\/td>\n<\/tr>\n<tr>\n<td width=\"18%\" valign=\"top\">\n<p><span style=\"font-family: Arial;\"><span style=\"font-size: x-small;\"><strong>Consommation<\/strong><\/span><\/span><\/p>\n<\/td>\n<td width=\"14%\">\n<p><span style=\"font-family: Arial;\"><span style=\"font-size: x-small;\">7\/10<\/span><\/span><\/p>\n<\/td>\n<td width=\"69%\">\n<p><span style=\"font-family: Arial;\"><span style=\"font-size: x-small;\">Bonne moyenne<\/span><\/span><\/p>\n<\/td>\n<\/tr>\n<tr>\n<td width=\"18%\" valign=\"top\">\n<p><span style=\"font-family: Arial;\"><span style=\"font-size: x-small;\"><strong>Tenue de route <\/strong><\/span><\/span><\/p>\n<\/td>\n<td width=\"14%\">\n<p><span style=\"font-family: Arial;\"><span style=\"font-size: x-small;\">9\/10<\/span><\/span><\/p>\n<\/td>\n<td width=\"69%\">\n<p><span style=\"font-family: Arial;\"><span style=\"font-size: x-small;\">r.a.s.<\/span><\/span><\/p>\n<\/td>\n<\/tr>\n<tr>\n<td width=\"18%\" valign=\"top\">\n<p><span style=\"font-family: Arial;\"><span style=\"font-size: x-small;\"><strong>Accessoires<\/strong><\/span><\/span><\/p>\n<\/td>\n<td width=\"14%\">\n<p><span style=\"font-family: Arial;\"><span style=\"font-size: x-small;\">7\/10<\/span><\/span><\/p>\n<\/td>\n<td width=\"69%\">\n<p><span style=\"font-size: x-small; font-family: Arial;\">Bon fonctionnement g\u00e9n\u00e9ral &#8211; 1 seul probl\u00e8me en supens<\/span><\/p>\n<\/td>\n<\/tr>\n<tr>\n<td width=\"18%\" valign=\"top\">\n<p><span style=\"font-family: Arial;\"><span style=\"font-size: x-small;\"><strong>Service concessionnaire<\/strong><\/span><\/span><\/p>\n<\/td>\n<td width=\"14%\">\n<p><span style=\"font-family: Arial;\"><span style=\"font-size: x-small;\">8\/10<\/span><\/span><\/p>\n<\/td>\n<td width=\"69%\">\n<p>&nbsp;<\/p>\n<\/td>\n<\/tr>\n<tr>\n<td width=\"18%\" valign=\"top\">\n<p><span style=\"font-family: Arial;\"><span style=\"font-size: x-small;\"><strong>Contact Ford Assistance<\/strong><\/span><\/span><\/p>\n<\/td>\n<td width=\"14%\">\n<p><span style=\"font-family: Arial;\"><span style=\"font-size: x-small;\">6\/10<\/span><\/span><\/p>\n<\/td>\n<td width=\"69%\">\n<p><span style=\"font-family: Arial;\"><span style=\"font-size: x-small;\">Avec le&nbsp;b\u00e9n\u00e9fice du doute (on esp\u00e8re ne pas en avoir besoin)<\/span><\/span><\/p>\n<\/td>\n<\/tr>\n<tr>\n<td width=\"18%\" valign=\"top\">\n<p><span style=\"font-family: Arial;\"><span style=\"font-size: x-small; color: #990000;\"><strong>Moyenne<\/strong><\/span><\/span><\/p>\n<\/td>\n<td width=\"14%\">\n<p><span style=\"font-family: Arial;\"><span style=\"font-size: x-small;\"><strong>7,9 \/ 10<\/strong><\/span><\/span><\/p>\n<\/td>\n<td width=\"69%\">\n<p>&nbsp;<\/p>\n<\/td>\n<\/tr>\n<\/tbody>\n<\/table>\n<p><span style=\"font-family: Arial;\"><span style=\"font-size: x-small;\"><br \/><\/span><br \/><span style=\"font-size: x-small;\">&nbsp;<\/span><\/span>&nbsp;<\/p>\n","protected":false},"excerpt":{"rendered":"<p>Mon S-Max Aide S-Max Probl\u00e8mes Accessoires Sur la Route G\u00e9n\u00e9ral &nbsp; Apr\u00e8s six mois et plus ou moins 10.000 Km, c&rsquo;est le moment de dresser un premier bilan. &nbsp; Impressions g\u00e9n\u00e9rales : C&rsquo;est au niveau confort que le S-Max m&rsquo;a conquis ; cela est surtout remarquable&nbsp;lors de&nbsp;longs trajets sur autoroutes. Les si\u00e8ges enveloppent et soutiennent &hellip; <a href=\"https:\/\/denis-meunier.be\/smax\/2007\/02\/06\/bilan-apres-six-mois-dutilisation\/\" class=\"more-link\">Continuer la lecture de <span class=\"screen-reader-text\">BILAN apr\u00e8s six mois d&rsquo;utilisation<\/span><\/a><\/p>\n","protected":false},"author":1,"featured_media":0,"comment_status":"closed","ping_status":"open","sticky":false,"template":"","format":"standard","meta":{"footnotes":""},"categories":[2],"tags":[],"class_list":["post-14","post","type-post","status-publish","format-standard","hentry","category-sur-la-route"],"_links":{"self":[{"href":"https:\/\/denis-meunier.be\/smax\/wp-json\/wp\/v2\/posts\/14","targetHints":{"allow":["GET"]}}],"collection":[{"href":"https:\/\/denis-meunier.be\/smax\/wp-json\/wp\/v2\/posts"}],"about":[{"href":"https:\/\/denis-meunier.be\/smax\/wp-json\/wp\/v2\/types\/post"}],"author":[{"embeddable":true,"href":"https:\/\/denis-meunier.be\/smax\/wp-json\/wp\/v2\/users\/1"}],"replies":[{"embeddable":true,"href":"https:\/\/denis-meunier.be\/smax\/wp-json\/wp\/v2\/comments?post=14"}],"version-history":[{"count":1,"href":"https:\/\/denis-meunier.be\/smax\/wp-json\/wp\/v2\/posts\/14\/revisions"}],"predecessor-version":[{"id":206,"href":"https:\/\/denis-meunier.be\/smax\/wp-json\/wp\/v2\/posts\/14\/revisions\/206"}],"wp:attachment":[{"href":"https:\/\/denis-meunier.be\/smax\/wp-json\/wp\/v2\/media?parent=14"}],"wp:term":[{"taxonomy":"category","embeddable":true,"href":"https:\/\/denis-meunier.be\/smax\/wp-json\/wp\/v2\/categories?post=14"},{"taxonomy":"post_tag","embeddable":true,"href":"https:\/\/denis-meunier.be\/smax\/wp-json\/wp\/v2\/tags?post=14"}],"curies":[{"name":"wp","href":"https:\/\/api.w.org\/{rel}","templated":true}]}}