{"id":13,"date":"2007-01-30T11:58:00","date_gmt":"2007-01-30T10:58:00","guid":{"rendered":"http:\/\/denis-meunier.be\/smax\/2007\/01\/30\/premier-grand-trajet\/"},"modified":"2018-05-04T11:50:55","modified_gmt":"2018-05-04T09:50:55","slug":"premier-grand-trajet","status":"publish","type":"post","link":"https:\/\/denis-meunier.be\/smax\/2007\/01\/30\/premier-grand-trajet\/","title":{"rendered":"Premier grand trajet"},"content":{"rendered":"<table border=\"1\" cellspacing=\"0\" width=\"100%\" align=\"center\" bgcolor=\"#0099ff\">\n<tbody>\n<tr>\n<td>\n<div>\n<div style=\"text-align: center;\"><span style=\"font-family: Arial,Helvetica,sans-serif;\"><span style=\"font-size: x-small;\"><span style=\"font-size: x-small;\"><strong><a title=\"La description de mon S-MAX\" href=\"http:\/\/smax.skynetblogs.be\/mon-s-max\/\" target=\"_blank\"><span style=\"font-size: x-small; color: #ffffff; font-family: Arial,Helvetica,sans-serif;\"><strong>Mon            S-Max<\/strong><\/span><\/a><\/strong><\/span><\/span><\/span><\/div>\n<\/div>\n<\/td>\n<td>\n<div>\n<div style=\"text-align: center;\"><span style=\"font-family: Arial,Helvetica,sans-serif;\"><span style=\"font-size: x-small;\"><span style=\"font-size: x-small;\"><strong><a title=\"O\u00f9 trouver de l'aide, des renseignements ... au sujet du S-MAX\" href=\"http:\/\/smax.skynetblogs.be\/aide-s-max\/\" target=\"_blank\"><span style=\"font-size: x-small; color: #ffffff; font-family: Arial,Helvetica,sans-serif;\"><strong>Aide            S-Max<\/strong><\/span><\/a><\/strong><\/span><\/span><\/span><\/div>\n<\/div>\n<\/td>\n<td>\n<div>\n<div style=\"text-align: center;\"><span style=\"font-family: Arial,Helvetica,sans-serif;\"><span style=\"font-size: x-small;\"><span style=\"font-size: x-small;\"><strong><a title=\"Les probl\u00e8mes rencontr\u00e9s avec mon S-MAX\" href=\"http:\/\/smax.skynetblogs.be\/problemes\/\" target=\"_blank\"><span style=\"font-size: x-small; color: #ffffff; font-family: Arial,Helvetica,sans-serif;\"><strong>Probl\u00e8mes<\/strong><\/span><\/a><\/strong><\/span><\/span><\/span><\/div>\n<\/div>\n<\/td>\n<td>\n<div>\n<div style=\"text-align: center;\"><a title=\"Les accessoires de mon S-Max\" href=\"http:\/\/smax.skynetblogs.be\/accessoires\/\" target=\"_blank\"><span style=\"font-size: x-small; color: #ffffff; font-family: Arial,Helvetica,sans-serif;\"><strong>Accessoires<\/strong><\/span><\/a><\/div>\n<\/div>\n<\/td>\n<td>\n<div>\n<div style=\"text-align: center;\"><span style=\"font-family: Arial,Helvetica,sans-serif;\"><span style=\"font-size: x-small;\"><span style=\"font-size: x-small;\"><strong><a title=\"Les articles traitant du comportement du S-MAX sur la route , consommation, ...\" href=\"http:\/\/smax.skynetblogs.be\/sur-la-route\/\"><span style=\"font-size: x-small; color: #ffffff; font-family: Arial,Helvetica,sans-serif;\"><strong>Sur            la Route<\/strong><\/span><\/a><\/strong><\/span><\/span><\/span><\/div>\n<\/div>\n<\/td>\n<td>\n<div>\n<div style=\"text-align: center;\"><span style=\"font-family: Arial,Helvetica,sans-serif;\"><span style=\"font-size: x-small;\"><span style=\"font-size: x-small;\"><strong><a title=\"Les autres articles du Blog \" href=\"http:\/\/smax.skynetblogs.be\/general\/\" target=\"_blank\"><span style=\"font-size: x-small; color: #ffffff; font-family: Arial,Helvetica,sans-serif;\"><strong>G\u00e9n\u00e9ral<\/strong><\/span><\/a><\/strong><\/span><\/span><\/span><\/div>\n<\/div>\n<\/td>\n<\/tr>\n<\/tbody>\n<\/table>\n<p><strong>&nbsp;<\/strong><\/p>\n<p><span style=\"font-family: Arial;\"><span style=\"font-size: x-small;\"><span style=\"text-decoration: underline;\"><span style=\"text-align: left;\"><\/p>\n<div><img decoding=\"async\" title=\"Smax4\" src=\"http:\/\/denis-meunier.be\/smax\/wp-content\/uploads\/2007\/01\/dyn007_original_400_300_pjpeg_2569915_1d3720edb444cfb73b04a28d27d13180.jpg\" border=\"0\" alt=\"Smax4\" \/><\/div>\n<p style=\"margin-bottom: 0cm;\"><span style=\"font-family: Arial;\"><span style=\"font-size: x-small;\"><span style=\"text-decoration: underline;\">D\u00e9part <\/span>: Beersel 20 janvier 2007<\/span><\/span><\/p>\n<p><\/span><\/span><\/span><\/span><\/p>\n<p style=\"margin-bottom: 0cm;\"><span style=\"font-family: Arial;\"><span style=\"font-size: x-small;\"><span style=\"text-decoration: underline;\">Destination<\/span> : Borgata (Italie, Piemont, altitude1800 m. &#8211; 4 Km de Sestri\u00e8re)<\/span><\/span><\/p>\n<p style=\"margin-bottom: 0cm;\"><span style=\"font-family: Arial;\"><span style=\"font-size: x-small;\"><strong>Itin\u00e9raire<\/strong> \u00e9tabli par le GPS : 1.003. Km (Autoroutes \u00e0 p\u00e9age accept\u00e9es )<\/span><\/span><\/p>\n<p style=\"margin-bottom: 0cm;\"><span style=\"font-family: Arial; font-size: x-small;\">En gros : Beersel &#8211; Nivelles &#8211; Charleroi &#8211; Namur &#8211; Luxembourg &#8211; Metz &#8211; Dijon &#8211; Lyon &#8211; Chambery &#8211; Tunel de Fr\u00e9jus &#8211; Sestri\u00e8re &#8211; Borgata<\/span><\/p>\n<h2 class=\"western\"><span style=\"font-family: Arial;\"><span style=\"font-size: x-small;\"><span style=\"text-decoration: underline;\"><strong>Comportement routier<\/strong> <\/span>:<\/span><\/span><\/h2>\n<h3 class=\"western\"><span style=\"font-family: Arial; font-size: x-small;\">Sur autoroute :<\/span><\/h3>\n<h3 class=\"western\"><span style=\"font-family: Arial;\"><span style=\"font-size: x-small;\"><strong>90 \u00e0 120 Km\/h<\/strong> : le moteur \u00ab&nbsp;rousp\u00e8te&nbsp;\u00bb (ronflement&nbsp; \u00e0 2000 tours) en sixi\u00e8me vitesse mais r\u00e9agit n\u00e9anmoins imm\u00e9diatement \u00e0 l&rsquo;enfoncement de la p\u00e9dale d&rsquo;acc\u00e9l\u00e9rateur ;<\/span><\/span><\/h3>\n<p><span style=\"font-family: Arial;\"><span style=\"font-size: x-small;\"><strong>130 Km\/h<\/strong> (France)&nbsp; <img decoding=\"async\" src=\"http:\/\/denis-meunier.be\/smax\/wp-content\/uploads\/2007\/01\/icon_lol.2.gif\" border=\"0\" alt=\"\" \/>&nbsp;: l\u00e0 c&rsquo;est un charme ! C&rsquo;est le pied, le confort que l&rsquo;on ne rencontre que dans les v\u00e9hicules de haut de gamme. <br \/>En c\u00f4tes,&nbsp;le v\u00e9hicule conserve sa vitesse sans probl\u00e8me.<\/span><\/span><\/p>\n<p><span style=\"font-family: Arial; font-size: x-small;\">Sur la plupart des rev\u00eatements routiers, le niveau sonore est des plus raisonnable.<\/span><\/p>\n<p><span style=\"font-family: Arial; font-size: x-small;\">Les vitesses ci-dessus sont en fait les vitesses indiqu\u00e9es au compteur. Nous avons contr\u00f4l\u00e9 la v\u00e9racit\u00e9 de ces indications \u00e0 l&rsquo;aide d&rsquo;un second GPS (sur Ipaq) et il semblerait que le compteur kilom\u00e9trique du v\u00e9hicule soit l\u00e9g\u00e8rement menteur ! : <\/span><\/p>\n<table border=\"1\" cellspacing=\"0\" cellpadding=\"4\" width=\"100%\" bordercolor=\"#000000\">\n<colgroup><\/colgroup>\n<p><span style=\"font-family: Arial;\">&nbsp;<\/span><\/p>\n<col width=\"94\"><\/col>\n<col width=\"98\"><\/col>\n<col width=\"64\"><\/col>\n<p><span style=\"font-size: x-small;\">&nbsp;<\/span><\/p>\n<tbody>\n<tr valign=\"top\">\n<td width=\"37%\">\n<p><span style=\"font-family: Arial; font-size: x-small;\">Kilom\u00e9trique v\u00e9hicule<\/span><\/p>\n<\/td>\n<td width=\"38%\">\n<p><span style=\"font-family: Arial; font-size: x-small;\">Vitesse mesur\u00e9e par GPS<\/span><\/p>\n<\/td>\n<td width=\"25%\">\n<p><span style=\"font-family: Arial; font-size: x-small;\">%<\/span><\/p>\n<\/td>\n<\/tr>\n<tr valign=\"top\">\n<td width=\"37%\">\n<p><span style=\"font-family: Arial; font-size: x-small;\">12O<\/span><\/p>\n<\/td>\n<td width=\"38%\">\n<p><span style=\"font-family: Arial; font-size: x-small;\">112<\/span><\/p>\n<\/td>\n<td width=\"25%\">\n<p><span style=\"font-family: Arial; font-size: x-small;\">6,151<\/span><\/p>\n<\/td>\n<\/tr>\n<tr valign=\"top\">\n<td width=\"37%\">\n<p><span style=\"font-family: Arial; font-size: x-small;\">130<\/span><\/p>\n<\/td>\n<td width=\"38%\">\n<p><span style=\"font-family: Arial; font-size: x-small;\">122<\/span><\/p>\n<\/td>\n<td width=\"25%\">\n<p><span style=\"font-family: Arial; font-size: x-small;\">6,153<\/span><\/p>\n<\/td>\n<\/tr>\n<tr valign=\"top\">\n<td width=\"37%\">\n<p><span style=\"font-family: Arial; font-size: x-small;\">138<\/span><\/p>\n<\/td>\n<td width=\"38%\">\n<p><span style=\"font-family: Arial; font-size: x-small;\">130<\/span><\/p>\n<\/td>\n<td width=\"25%\">\n<p><span style=\"font-family: Arial; font-size: x-small;\">6,154<\/span><\/p>\n<\/td>\n<\/tr>\n<\/tbody>\n<\/table>\n<p style=\"margin-bottom: 0cm;\"><span style=\"font-family: Arial; font-size: x-small;\">Je compte questionner le constructeur au sujet de cette diff\u00e9rence. <span style=\"color: #cc0000;\"><strong>Serait-ce d\u00fb au changement de format des pneumatiques ( 16 pouces au lieu de 18 ) ?<\/strong> <\/span><\/span><\/p>\n<h3 class=\"western\"><span style=\"font-family: Arial; font-size: x-small;\">En montagne : <img decoding=\"async\" src=\"http:\/\/denis-meunier.be\/smax\/wp-content\/uploads\/2007\/01\/icon_biggrin.2.gif\" border=\"0\" alt=\"\" \/><\/span><\/h3>\n<p><span style=\"font-family: Arial; font-size: x-small;\">L\u00e0 aussi, pas de probl\u00e8me : le moteur r\u00e9agit prestement \u00e0 la p\u00e9dale d&rsquo;acc\u00e9l\u00e9rateur et relance le v\u00e9hicule d\u00e8s la sortie des lacets et \u00e9pingles \u00e0 cheveux. Je me suis m\u00eame \u00e9tonn\u00e9 de ne pas avoir un \u00ab&nbsp;Italien&nbsp;\u00bb au derri\u00e8re, pr\u00eat \u00e0 me pousser ou me d\u00e9passer !<\/span><\/p>\n<h3 class=\"western\"><span style=\"font-family: Arial; font-size: x-small;\">Sur la neige : <img decoding=\"async\" src=\"http:\/\/denis-meunier.be\/smax\/wp-content\/uploads\/2007\/01\/icon_biggrin.2.gif\" border=\"0\" alt=\"\" \/><\/span><\/h3>\n<p><span style=\"font-family: Arial; font-size: x-small;\">Encore que des louanges ; par pr\u00e9caution,&nbsp;nous avions&nbsp;achet\u00e9 des cha\u00eenes mais les pneus \u00ab&nbsp;Michelin Alpin&nbsp;\u00bb m&rsquo;ont litt\u00e9ralement \u00e9tonn\u00e9s : d\u00e9marrage sur la glace, sur la neige : pas de probl\u00e8me (\u00e0 condition de ne pas bloquer le moteur comme toujours !) Tenue de route sans soucis. <strong><span style=\"color: #990000;\">(cha\u00eenes inutiles et non utilis\u00e9es)<\/span><\/strong><\/span><\/p>\n<p><span style=\"font-family: Arial; font-size: x-small;\">Seul petit b\u00e9mol, le v\u00e9hicule est lent pour se r\u00e9chauffer, aussi bien l&rsquo;habitacle que le moteur<\/span><\/p>\n<h2 class=\"western\"><span style=\"text-decoration: underline;\"><span style=\"font-family: Arial; font-size: x-small;\">GPS<\/span><\/span><\/h2>\n<p style=\"text-decoration: none;\"><span style=\"font-family: Arial; font-size: x-small;\">Pour le trajet aller, le GPS nous a fait p\u00e9n\u00e9trer dans le centre de Lyon (\u00e9vitant la Rocade Est) L&rsquo;itin\u00e9raire \u00e0 \u00e9t\u00e9 \u00ab&nbsp;d\u00e9tourn\u00e9&nbsp;\u00bb automatiquement par le syst\u00e8me \u00ab&nbsp;TMC&nbsp;\u00bb (Prise en compte des informations routi\u00e8res fournies par la station de radio) par la tenue d&rsquo;une foire qui provoquait des ralentissement sur l&rsquo;itin\u00e9raire initial. <\/span><\/p>\n<p style=\"text-decoration: none;\"><span style=\"font-family: Arial;\"><span style=\"font-size: x-small;\">Pour le retour (28\/02), pas le moindre probl\u00e8me ni \u00ab\u00a0d\u00e9routement\u00a0\u00bb&nbsp;et nous avons emprunt\u00e9 cette \u00ab&nbsp;Rocade Est&nbsp;\u00bb de Lyon.<strong> <\/strong><\/span><\/span><\/p>\n<h2 class=\"western\"><span style=\"text-decoration: underline;\"><span style=\"font-family: Arial; font-size: x-small;\">Consommation carburant<\/span><\/span><\/h2>\n<table border=\"1\" cellspacing=\"0\" cellpadding=\"4\" width=\"100%\" bordercolor=\"#000000\">\n<colgroup><\/colgroup>\n<p><span style=\"font-family: Arial;\">&nbsp;<\/span><\/p>\n<col width=\"60\"><\/col>\n<col width=\"38\"><\/col>\n<col width=\"35\"><\/col>\n<col width=\"43\"><\/col>\n<col width=\"35\"><\/col>\n<col width=\"45\"><\/col>\n<p><span style=\"font-size: x-small;\">&nbsp;<\/span><\/p>\n<tbody>\n<tr>\n<td rowspan=\"2\" width=\"23%\" valign=\"top\">\n<p><span style=\"font-family: Arial; font-size: x-small;\">Type de route<\/span><\/p>\n<\/td>\n<td rowspan=\"2\" width=\"15%\" valign=\"top\">\n<p><span style=\"font-family: Arial; font-size: x-small;\">Vitesses<\/span><\/p>\n<p><span style=\"font-family: Arial; font-size: x-small;\">( Km\/h )<\/span><\/p>\n<\/td>\n<td rowspan=\"2\" width=\"14%\" valign=\"top\">\n<p><span style=\"font-family: Arial; font-size: x-small;\">Carburant<\/span><\/p>\n<p><span style=\"font-family: Arial; font-size: x-small;\">(Litres)<\/span><\/p>\n<\/td>\n<td rowspan=\"2\" width=\"17%\" valign=\"top\">\n<p><span style=\"font-family: Arial; font-size: x-small;\">Km<\/span><\/p>\n<\/td>\n<td colspan=\"2\" width=\"31%\" valign=\"bottom\">\n<p><span style=\"font-family: Arial; font-size: x-small;\">Consommation (L\/100Km)<\/span><\/p>\n<\/td>\n<\/tr>\n<tr valign=\"bottom\">\n<td width=\"14%\">\n<p><span style=\"font-family: Arial; font-size: x-small;\">R\u00e9elle<\/span><\/p>\n<\/td>\n<td width=\"18%\">\n<p><span style=\"font-family: Arial; font-size: x-small;\">Affich\u00e9e<\/span><\/p>\n<\/td>\n<\/tr>\n<tr valign=\"top\">\n<td width=\"23%\">\n<p><span style=\"font-family: Arial; font-size: x-small;\">Mixte<\/span><\/p>\n<\/td>\n<td width=\"15%\">\n<p><span style=\"font-family: Arial;\"><br \/><\/span><\/p>\n<\/td>\n<td width=\"14%\">\n<p><span style=\"font-family: Arial; font-size: x-small;\">17<\/span><\/p>\n<\/td>\n<td width=\"17%\">\n<p><span style=\"font-family: Arial; font-size: x-small;\">150,2<\/span><\/p>\n<\/td>\n<td width=\"14%\">\n<p><span style=\"font-family: Arial; font-size: x-small;\">11,31<\/span><\/p>\n<\/td>\n<td width=\"18%\">\n<p><span style=\"font-family: Arial; font-size: x-small;\">7,1<\/span><\/p>\n<\/td>\n<\/tr>\n<tr valign=\"top\">\n<td width=\"23%\">\n<p><span style=\"font-family: Arial; font-size: x-small;\">100 % autoroute <\/span><\/p>\n<\/td>\n<td width=\"15%\">\n<p><span style=\"font-family: Arial; font-size: x-small;\">110 \u00e0 130<\/span><\/p>\n<\/td>\n<td width=\"14%\">\n<p><span style=\"font-family: Arial; font-size: x-small;\">63<\/span><\/p>\n<\/td>\n<td width=\"17%\">\n<p><span style=\"font-family: Arial; font-size: x-small;\">897,2<\/span><\/p>\n<\/td>\n<td width=\"14%\">\n<p><span style=\"font-family: Arial; font-size: x-small;\">7,69<\/span><\/p>\n<\/td>\n<td width=\"18%\">\n<p><span style=\"font-family: Arial; font-size: x-small;\">6,1<\/span><\/p>\n<\/td>\n<\/tr>\n<tr>\n<td width=\"23%\" valign=\"top\">\n<p><span style=\"font-family: Arial; font-size: x-small;\">Montagne (148 Km) +<\/span><\/p>\n<p><span style=\"font-family: Arial; font-size: x-small;\">Autoroute<\/span><\/p>\n<\/td>\n<td width=\"15%\" valign=\"top\">\n<p><span style=\"font-family: Arial; font-size: x-small;\">50<br \/>110 \u00e0 130 <\/span><\/p>\n<\/td>\n<td width=\"14%\" valign=\"top\">\n<p><span style=\"font-family: Arial; font-size: x-small;\">20+53,78<br \/>= 73,78<\/span><\/p>\n<\/td>\n<td width=\"17%\" valign=\"top\">\n<p><span style=\"font-family: Arial; font-size: x-small;\">937,6+177,2<br \/>= 1114,8<\/span><\/p>\n<\/td>\n<td width=\"14%\">\n<p><span style=\"font-family: Arial; font-size: x-small;\">6,61<\/span><\/p>\n<\/td>\n<td width=\"18%\">\n<p><span style=\"font-family: Arial; font-size: x-small;\">6,0<\/span><\/p>\n<\/td>\n<\/tr>\n<\/tbody>\n<\/table>\n<p><span style=\"font-family: Arial;\"><\/p>\n<p><span style=\"color: #cc0000; font-size: xx-small;\">(Cliquez sur les photos pour agrandir)<\/span><\/p>\n<p><\/span><\/p>\n<table border=\"0\" cellspacing=\"0\" cellpadding=\"4\" width=\"100%\">\n<colgroup>\n<col width=\"128\"><\/col>\n<col width=\"128\"><\/col>\n<\/colgroup>\n<tbody>\n<tr valign=\"top\">\n<td width=\"50%\">\n<p><a title=\"Smax7\" href=\"http:\/\/denis-meunier.be\/smax\/wp-content\/uploads\/2007\/01\/dyn002_original_400_300_pjpeg_2569915_83aa131113870160f3d1c22e72830978.jpg\" target=\"_blank\"><img decoding=\"async\" src=\"http:\/\/denis-meunier.be\/smax\/wp-content\/uploads\/2007\/01\/dyn002_small150_400_300_jpeg_2569915_83aa131113870160f3d1c22e72830978.jpg\" border=\"0\" alt=\"Cliquez ICI pour agrandir\" align=\"center\" \/><\/a><\/p>\n<\/td>\n<td width=\"50%\">\n<p><a title=\"Smax4\" href=\"http:\/\/denis-meunier.be\/smax\/wp-content\/uploads\/2007\/01\/dyn007_original_400_300_pjpeg_2569915_a0adb8b38718d19ee008e96398ca3727.jpg\" target=\"_blank\"><img decoding=\"async\" src=\"http:\/\/denis-meunier.be\/smax\/wp-content\/uploads\/2007\/01\/dyn007_small150_400_300_jpeg_2569915_a0adb8b38718d19ee008e96398ca3727.jpg\" border=\"0\" alt=\"Cliquez ICI pour agrandir\" align=\"center\" \/><\/a><\/p>\n<p><a title=\"Smax6\" href=\"http:\/\/denis-meunier.be\/smax\/wp-content\/uploads\/2007\/01\/dyn007_original_400_300_pjpeg_2569915_16d88858d3bf4bb375d55ea17aff7064.jpg\" target=\"_blank\"><\/a><\/td>\n<\/tr>\n<tr valign=\"top\">\n<td width=\"50%\">\n<p>&nbsp;<\/p>\n<p><a title=\"Smax6\" href=\"http:\/\/denis-meunier.be\/smax\/wp-content\/uploads\/2007\/01\/dyn007_original_400_300_pjpeg_2569915_16d88858d3bf4bb375d55ea17aff7064.jpg\" target=\"_blank\"><img decoding=\"async\" src=\"http:\/\/denis-meunier.be\/smax\/wp-content\/uploads\/2007\/01\/dyn007_small150_400_300_jpeg_2569915_16d88858d3bf4bb375d55ea17aff7064.jpg\" border=\"0\" alt=\"Cliquez ICI pour agrandir\" align=\"center\" \/><\/a><\/p>\n<\/td>\n<td width=\"50%\">\n<p><a title=\"Smax5\" href=\"http:\/\/denis-meunier.be\/smax\/wp-content\/uploads\/2007\/01\/dyn007_original_400_300_pjpeg_2569915_0bece19d94c72bef2ae3366b084f1afa.jpg\" target=\"_blank\"><img decoding=\"async\" src=\"http:\/\/denis-meunier.be\/smax\/wp-content\/uploads\/2007\/01\/dyn007_small150_400_300_jpeg_2569915_0bece19d94c72bef2ae3366b084f1afa.jpg\" border=\"0\" alt=\"Cliquez ICI pour agrandir\" align=\"center\" \/><\/a><\/p>\n<\/td>\n<\/tr>\n<\/tbody>\n<\/table>\n<p><span style=\"font-family: Arial;\"><\/p>\n<p>&nbsp;<\/p>\n<p><\/span><\/p>\n","protected":false},"excerpt":{"rendered":"<p>Mon S-Max Aide S-Max Probl\u00e8mes Accessoires Sur la Route G\u00e9n\u00e9ral &nbsp; D\u00e9part : Beersel 20 janvier 2007 Destination : Borgata (Italie, Piemont, altitude1800 m. &#8211; 4 Km de Sestri\u00e8re) Itin\u00e9raire \u00e9tabli par le GPS : 1.003. Km (Autoroutes \u00e0 p\u00e9age accept\u00e9es ) En gros : Beersel &#8211; Nivelles &#8211; Charleroi &#8211; Namur &#8211; Luxembourg &#8211; &hellip; <a href=\"https:\/\/denis-meunier.be\/smax\/2007\/01\/30\/premier-grand-trajet\/\" class=\"more-link\">Continuer la lecture de <span class=\"screen-reader-text\">Premier grand trajet<\/span><\/a><\/p>\n","protected":false},"author":1,"featured_media":0,"comment_status":"closed","ping_status":"open","sticky":false,"template":"","format":"standard","meta":{"footnotes":""},"categories":[2],"tags":[],"class_list":["post-13","post","type-post","status-publish","format-standard","hentry","category-sur-la-route"],"_links":{"self":[{"href":"https:\/\/denis-meunier.be\/smax\/wp-json\/wp\/v2\/posts\/13","targetHints":{"allow":["GET"]}}],"collection":[{"href":"https:\/\/denis-meunier.be\/smax\/wp-json\/wp\/v2\/posts"}],"about":[{"href":"https:\/\/denis-meunier.be\/smax\/wp-json\/wp\/v2\/types\/post"}],"author":[{"embeddable":true,"href":"https:\/\/denis-meunier.be\/smax\/wp-json\/wp\/v2\/users\/1"}],"replies":[{"embeddable":true,"href":"https:\/\/denis-meunier.be\/smax\/wp-json\/wp\/v2\/comments?post=13"}],"version-history":[{"count":1,"href":"https:\/\/denis-meunier.be\/smax\/wp-json\/wp\/v2\/posts\/13\/revisions"}],"predecessor-version":[{"id":218,"href":"https:\/\/denis-meunier.be\/smax\/wp-json\/wp\/v2\/posts\/13\/revisions\/218"}],"wp:attachment":[{"href":"https:\/\/denis-meunier.be\/smax\/wp-json\/wp\/v2\/media?parent=13"}],"wp:term":[{"taxonomy":"category","embeddable":true,"href":"https:\/\/denis-meunier.be\/smax\/wp-json\/wp\/v2\/categories?post=13"},{"taxonomy":"post_tag","embeddable":true,"href":"https:\/\/denis-meunier.be\/smax\/wp-json\/wp\/v2\/tags?post=13"}],"curies":[{"name":"wp","href":"https:\/\/api.w.org\/{rel}","templated":true}]}}