{"id":11,"date":"2006-12-11T08:54:00","date_gmt":"2006-12-11T07:54:00","guid":{"rendered":"http:\/\/denis-meunier.be\/smax\/2006\/12\/11\/accessoires-sieges-electriques\/"},"modified":"2006-12-11T08:54:00","modified_gmt":"2006-12-11T07:54:00","slug":"accessoires-sieges-electriques","status":"publish","type":"post","link":"https:\/\/denis-meunier.be\/smax\/2006\/12\/11\/accessoires-sieges-electriques\/","title":{"rendered":"Accessoires : Si\u00e8ges \u00e9lectriques"},"content":{"rendered":"<table border=\"1\" cellspacing=\"0\" width=\"100%\" align=\"center\" bgcolor=\"#0099ff\">\n<tbody>\n<tr>\n<td>\n<div>\n<div style=\"text-align: center;\"><span style=\"font-family: Arial,Helvetica,sans-serif;\"><span style=\"font-size: x-small;\"><span style=\"font-size: x-small;\"><strong><a title=\"La description de mon S-MAX\" href=\"http:\/\/smax.skynetblogs.be\/mon-s-max\/\" target=\"_blank\"><span style=\"font-size: x-small; color: #ffffff; font-family: Arial,Helvetica,sans-serif;\"><strong>Mon            S-Max<\/strong><\/span><\/a><\/strong><\/span><\/span><\/span><\/div>\n<\/div>\n<\/td>\n<td>\n<div>\n<div style=\"text-align: center;\"><span style=\"font-family: Arial,Helvetica,sans-serif;\"><span style=\"font-size: x-small;\"><span style=\"font-size: x-small;\"><strong><a title=\"O\u00f9 trouver de l'aide, des renseignements ... au sujet du S-MAX\" href=\"http:\/\/smax.skynetblogs.be\/aide-s-max\/\" target=\"_blank\"><span style=\"font-size: x-small; color: #ffffff; font-family: Arial,Helvetica,sans-serif;\"><strong>Aide            S-Max<\/strong><\/span><\/a><\/strong><\/span><\/span><\/span><\/div>\n<\/div>\n<\/td>\n<td>\n<div>\n<div style=\"text-align: center;\"><span style=\"font-family: Arial,Helvetica,sans-serif;\"><span style=\"font-size: x-small;\"><span style=\"font-size: x-small;\"><strong><a title=\"Les probl\u00e8mes rencontr\u00e9s avec mon S-MAX\" href=\"http:\/\/smax.skynetblogs.be\/problemes\/\" target=\"_blank\"><span style=\"font-size: x-small; color: #ffffff; font-family: Arial,Helvetica,sans-serif;\"><strong>Probl\u00e8mes<\/strong><\/span><\/a><\/strong><\/span><\/span><\/span><\/div>\n<\/div>\n<\/td>\n<td>\n<div>\n<div style=\"text-align: center;\"><a title=\"Les accessoires de mon S-Max\" href=\"http:\/\/smax.skynetblogs.be\/accessoires\/\" target=\"_blank\"><span style=\"font-size: x-small; color: #ffffff; font-family: Arial,Helvetica,sans-serif;\"><strong>Accessoires<\/strong><\/span><\/a><\/div>\n<\/div>\n<\/td>\n<td>\n<div>\n<div style=\"text-align: center;\"><span style=\"font-family: Arial,Helvetica,sans-serif;\"><span style=\"font-size: x-small;\"><span style=\"font-size: x-small;\"><strong><a title=\"Les articles traitant du comportement du S-MAX sur la route , consommation, ...\" href=\"http:\/\/smax.skynetblogs.be\/sur-la-route\/\"><span style=\"font-size: x-small; color: #ffffff; font-family: Arial,Helvetica,sans-serif;\"><strong>Sur            la Route<\/strong><\/span><\/a><\/strong><\/span><\/span><\/span><\/div>\n<\/div>\n<\/td>\n<td>\n<div>\n<div style=\"text-align: center;\"><span style=\"font-family: Arial,Helvetica,sans-serif;\"><span style=\"font-size: x-small;\"><span style=\"font-size: x-small;\"><strong><a title=\"Les autres articles du Blog \" href=\"http:\/\/smax.skynetblogs.be\/general\/\" target=\"_blank\"><span style=\"font-size: x-small; color: #ffffff; font-family: Arial,Helvetica,sans-serif;\"><strong>G\u00e9n\u00e9ral<\/strong><\/span><\/a><\/strong><\/span><\/span><\/span><\/div>\n<\/div>\n<\/td>\n<\/tr>\n<\/tbody>\n<\/table>\n<p><strong>&nbsp;<\/strong><\/p>\n<p>D&rsquo;origine, nous avons opt\u00e9 pour les si\u00e8ges \u00e9lectriques (huit positions)<\/p>\n<p>A l&rsquo;usage nous nous constatons quil n&rsquo;est pas&nbsp;toujours facile pour le conducteur de retrouver sa \u00ab\u00a0bonne\u00a0\u00bb position de conduite apr\u00e8s que le v\u00e9hicule ait \u00e9t\u00e9 utilis\u00e9 par une autre personne (sans parler de la lenteur de d\u00e9placement du si\u00e8ge);<\/p>\n<p>Mon \u00e9pouse \u00e9tant de taille petite, elle \u00e9l\u00e8ve l&rsquo;assise du si\u00e8ge au maximum tandis que moi, plut\u00f4t grand, je dois la mettre en position tout \u00e0 fait basse avant m\u00eame de pouvoir m&rsquo;installer sur le si\u00e8ge.<\/p>\n<p><strong>Notre regret \u00e0 ce niveau, est qu&rsquo;il n&rsquo;existe pas de m\u00e9morisation ne fut-ce que la &nbsp;position d&rsquo;un seul utilisateur (option pr\u00e9sente dans d&rsquo;autres marques)<\/strong><\/p>\n","protected":false},"excerpt":{"rendered":"<p>Mon S-Max Aide S-Max Probl\u00e8mes Accessoires Sur la Route G\u00e9n\u00e9ral &nbsp; D&rsquo;origine, nous avons opt\u00e9 pour les si\u00e8ges \u00e9lectriques (huit positions) A l&rsquo;usage nous nous constatons quil n&rsquo;est pas&nbsp;toujours facile pour le conducteur de retrouver sa \u00ab\u00a0bonne\u00a0\u00bb position de conduite apr\u00e8s que le v\u00e9hicule ait \u00e9t\u00e9 utilis\u00e9 par une autre personne (sans parler de la &hellip; <a href=\"https:\/\/denis-meunier.be\/smax\/2006\/12\/11\/accessoires-sieges-electriques\/\" class=\"more-link\">Continuer la lecture de <span class=\"screen-reader-text\">Accessoires : Si\u00e8ges \u00e9lectriques<\/span><\/a><\/p>\n","protected":false},"author":1,"featured_media":0,"comment_status":"closed","ping_status":"open","sticky":false,"template":"","format":"standard","meta":{"footnotes":""},"categories":[4],"tags":[],"class_list":["post-11","post","type-post","status-publish","format-standard","hentry","category-accessoires"],"_links":{"self":[{"href":"https:\/\/denis-meunier.be\/smax\/wp-json\/wp\/v2\/posts\/11","targetHints":{"allow":["GET"]}}],"collection":[{"href":"https:\/\/denis-meunier.be\/smax\/wp-json\/wp\/v2\/posts"}],"about":[{"href":"https:\/\/denis-meunier.be\/smax\/wp-json\/wp\/v2\/types\/post"}],"author":[{"embeddable":true,"href":"https:\/\/denis-meunier.be\/smax\/wp-json\/wp\/v2\/users\/1"}],"replies":[{"embeddable":true,"href":"https:\/\/denis-meunier.be\/smax\/wp-json\/wp\/v2\/comments?post=11"}],"version-history":[{"count":0,"href":"https:\/\/denis-meunier.be\/smax\/wp-json\/wp\/v2\/posts\/11\/revisions"}],"wp:attachment":[{"href":"https:\/\/denis-meunier.be\/smax\/wp-json\/wp\/v2\/media?parent=11"}],"wp:term":[{"taxonomy":"category","embeddable":true,"href":"https:\/\/denis-meunier.be\/smax\/wp-json\/wp\/v2\/categories?post=11"},{"taxonomy":"post_tag","embeddable":true,"href":"https:\/\/denis-meunier.be\/smax\/wp-json\/wp\/v2\/tags?post=11"}],"curies":[{"name":"wp","href":"https:\/\/api.w.org\/{rel}","templated":true}]}}