{"id":10,"date":"2006-11-20T09:44:00","date_gmt":"2006-11-20T08:44:00","guid":{"rendered":"http:\/\/denis-meunier.be\/smax\/2006\/11\/20\/tiroirs-sous-les-sieges-avant\/"},"modified":"2018-05-04T11:51:05","modified_gmt":"2018-05-04T09:51:05","slug":"tiroirs-sous-les-sieges-avant","status":"publish","type":"post","link":"https:\/\/denis-meunier.be\/smax\/2006\/11\/20\/tiroirs-sous-les-sieges-avant\/","title":{"rendered":"Tiroirs sous les si\u00e8ges avant"},"content":{"rendered":"<table border=\"1\" cellspacing=\"0\" width=\"100%\" align=\"center\" bgcolor=\"#0099ff\">\n<tbody>\n<tr>\n<td>\n<div>\n<div style=\"text-align: center;\"><span style=\"font-family: Arial,Helvetica,sans-serif;\"><span style=\"font-size: x-small;\"><span style=\"font-size: x-small;\"><strong><a title=\"La description de mon S-MAX\" href=\"http:\/\/smax.skynetblogs.be\/mon-s-max\/\" target=\"_blank\"><span style=\"font-size: x-small; color: #ffffff; font-family: Arial,Helvetica,sans-serif;\"><strong>Mon            S-Max<\/strong><\/span><\/a><\/strong><\/span><\/span><\/span><\/div>\n<\/div>\n<\/td>\n<td>\n<div>\n<div style=\"text-align: center;\"><span style=\"font-family: Arial,Helvetica,sans-serif;\"><span style=\"font-size: x-small;\"><span style=\"font-size: x-small;\"><strong><a title=\"O\u00f9 trouver de l'aide, des renseignements ... au sujet du S-MAX\" href=\"http:\/\/smax.skynetblogs.be\/aide-s-max\/\" target=\"_blank\"><span style=\"font-size: x-small; color: #ffffff; font-family: Arial,Helvetica,sans-serif;\"><strong>Aide            S-Max<\/strong><\/span><\/a><\/strong><\/span><\/span><\/span><\/div>\n<\/div>\n<\/td>\n<td>\n<div>\n<div style=\"text-align: center;\"><span style=\"font-family: Arial,Helvetica,sans-serif;\"><span style=\"font-size: x-small;\"><span style=\"font-size: x-small;\"><strong><a title=\"Les probl\u00e8mes rencontr\u00e9s avec mon S-MAX\" href=\"http:\/\/smax.skynetblogs.be\/problemes\/\" target=\"_blank\"><span style=\"font-size: x-small; color: #ffffff; font-family: Arial,Helvetica,sans-serif;\"><strong>Probl\u00e8mes<\/strong><\/span><\/a><\/strong><\/span><\/span><\/span><\/div>\n<\/div>\n<\/td>\n<td>\n<div>\n<div style=\"text-align: center;\"><a title=\"Les accessoires de mon S-Max\" href=\"http:\/\/smax.skynetblogs.be\/accessoires\/\" target=\"_blank\"><span style=\"font-size: x-small; color: #ffffff; font-family: Arial,Helvetica,sans-serif;\"><strong>Accessoires<\/strong><\/span><\/a><\/div>\n<\/div>\n<\/td>\n<td>\n<div>\n<div style=\"text-align: center;\"><span style=\"font-family: Arial,Helvetica,sans-serif;\"><span style=\"font-size: x-small;\"><span style=\"font-size: x-small;\"><strong><a title=\"Les articles traitant du comportement du S-MAX sur la route , consommation, ...\" href=\"http:\/\/smax.skynetblogs.be\/sur-la-route\/\"><span style=\"font-size: x-small; color: #ffffff; font-family: Arial,Helvetica,sans-serif;\"><strong>Sur            la Route<\/strong><\/span><\/a><\/strong><\/span><\/span><\/span><\/div>\n<\/div>\n<\/td>\n<td>\n<div>\n<div style=\"text-align: center;\"><span style=\"font-family: Arial,Helvetica,sans-serif;\"><span style=\"font-size: x-small;\"><span style=\"font-size: x-small;\"><strong><a title=\"Les autres articles du Blog \" href=\"http:\/\/smax.skynetblogs.be\/general\/\" target=\"_blank\"><span style=\"font-size: x-small; color: #ffffff; font-family: Arial,Helvetica,sans-serif;\"><strong>G\u00e9n\u00e9ral<\/strong><\/span><\/a><\/strong><\/span><\/span><\/span><\/div>\n<\/div>\n<\/td>\n<\/tr>\n<\/tbody>\n<\/table>\n<p><strong>&nbsp;<\/strong><\/p>\n<p><span style=\"font-family: Arial;\"><strong><span style=\"font-size: medium;\"><span style=\"text-align: left;\"><\/p>\n<div>&nbsp;<\/div>\n<div><img decoding=\"async\" title=\"Smax3\" src=\"http:\/\/denis-meunier.be\/smax\/wp-content\/uploads\/2006\/11\/dyn005_original_300_225_pjpeg_2569915_d681d5662ba8216141389d736b29e609.jpg\" border=\"0\" alt=\"Smax3\" \/><\/div>\n<p><\/span><\/p>\n<p><span style=\"font-family: Arial;\"><strong><span style=\"font-size: medium;\">Fourre-tout<\/span><\/strong> (d\u00e9nomination du garage sur la facture)<\/span><\/p>\n<p><\/span><\/strong><\/span><\/p>\n<p><span style=\"font-family: Arial; font-size: x-small;\">Sur les documentations re\u00e7ues avant la commande, nous avions vu des tiroirs sous les si\u00e8ges avant. Nous n&rsquo;avions pas remarqu\u00e9 qu&rsquo;il s&rsquo;agissait d&rsquo;accessoires en option, car&nbsp;ne figurant (toujours) pas parmi la liste des options disponibles.<\/span><\/p>\n<p><span style=\"font-family: Arial; font-size: x-small;\">Peu de temps apr\u00e8s la prise en main de notre nouveau v\u00e9hicule, nous avons demand\u00e9 ces accessoires qui, en plus de permettre un (tr\u00e8s) petit rangement de documents, prot\u00e8gent (ou cachent au moins) les moteurs et c\u00e2bles \u00e9lectriques des si\u00e8ges avants.<\/span><\/p>\n<p><span style=\"font-family: Arial; font-size: x-small;\"><strong>Co\u00fbt : 116,72 \u20ac TVA et placement inclus<\/strong><\/span><\/p>\n<p><span style=\"font-family: Arial;\"><span style=\"font-size: x-small;\">C\u00f4t\u00e9 pratique, cela fait deux emplacements de rangement en plus mais comme nos si\u00e8ges sont &lsquo;\u00e0 commande \u00e9lectrique&rsquo;, ils sont de moindre profondeur que ceux pr\u00e9vus pour les si\u00e8ges &lsquo;\u00e0 commande m\u00e9canique&rsquo;<\/span><\/p>\n<p><span style=\"font-size: xx-small;\">(Cliquez sur l&rsquo;image pour agrandir)<\/span><\/span><a title=\"SousSiege\" href=\"http:\/\/denis-meunier.be\/smax\/wp-content\/uploads\/2006\/11\/dyn002_original_640_480_pjpeg_2569915_f5098be3c43e79c00f8d1287357c2432.jpg\" target=\"_blank\"><span style=\"font-size: xx-small;\"><img decoding=\"async\" src=\"http:\/\/denis-meunier.be\/smax\/wp-content\/uploads\/2006\/11\/dyn002_small150_640_480_jpeg_2569915_f5098be3c43e79c00f8d1287357c2432.jpg\" border=\"0\" alt=\"Tiroir Sous Siege\" align=\"left\" \/><\/span><\/a><\/p>\n<p>&nbsp;<\/p>\n<p><span style=\"font-size: x-small;\"><span style=\"text-decoration: underline;\">Tirroirs sous les si\u00e8ges \u00e0 commandes \u00e9lectriques<\/span> :<br \/>Hauteur utile : +\/- 3 cm<\/span><\/p>\n","protected":false},"excerpt":{"rendered":"<p>Mon S-Max Aide S-Max Probl\u00e8mes Accessoires Sur la Route G\u00e9n\u00e9ral &nbsp; &nbsp; Fourre-tout (d\u00e9nomination du garage sur la facture) Sur les documentations re\u00e7ues avant la commande, nous avions vu des tiroirs sous les si\u00e8ges avant. Nous n&rsquo;avions pas remarqu\u00e9 qu&rsquo;il s&rsquo;agissait d&rsquo;accessoires en option, car&nbsp;ne figurant (toujours) pas parmi la liste des options disponibles. Peu &hellip; <a href=\"https:\/\/denis-meunier.be\/smax\/2006\/11\/20\/tiroirs-sous-les-sieges-avant\/\" class=\"more-link\">Continuer la lecture de <span class=\"screen-reader-text\">Tiroirs sous les si\u00e8ges avant<\/span><\/a><\/p>\n","protected":false},"author":1,"featured_media":0,"comment_status":"closed","ping_status":"open","sticky":false,"template":"","format":"standard","meta":{"footnotes":""},"categories":[4],"tags":[],"class_list":["post-10","post","type-post","status-publish","format-standard","hentry","category-accessoires"],"_links":{"self":[{"href":"https:\/\/denis-meunier.be\/smax\/wp-json\/wp\/v2\/posts\/10","targetHints":{"allow":["GET"]}}],"collection":[{"href":"https:\/\/denis-meunier.be\/smax\/wp-json\/wp\/v2\/posts"}],"about":[{"href":"https:\/\/denis-meunier.be\/smax\/wp-json\/wp\/v2\/types\/post"}],"author":[{"embeddable":true,"href":"https:\/\/denis-meunier.be\/smax\/wp-json\/wp\/v2\/users\/1"}],"replies":[{"embeddable":true,"href":"https:\/\/denis-meunier.be\/smax\/wp-json\/wp\/v2\/comments?post=10"}],"version-history":[{"count":1,"href":"https:\/\/denis-meunier.be\/smax\/wp-json\/wp\/v2\/posts\/10\/revisions"}],"predecessor-version":[{"id":240,"href":"https:\/\/denis-meunier.be\/smax\/wp-json\/wp\/v2\/posts\/10\/revisions\/240"}],"wp:attachment":[{"href":"https:\/\/denis-meunier.be\/smax\/wp-json\/wp\/v2\/media?parent=10"}],"wp:term":[{"taxonomy":"category","embeddable":true,"href":"https:\/\/denis-meunier.be\/smax\/wp-json\/wp\/v2\/categories?post=10"},{"taxonomy":"post_tag","embeddable":true,"href":"https:\/\/denis-meunier.be\/smax\/wp-json\/wp\/v2\/tags?post=10"}],"curies":[{"name":"wp","href":"https:\/\/api.w.org\/{rel}","templated":true}]}}