{"id":741,"date":"2020-05-14T17:51:59","date_gmt":"2020-05-14T15:51:59","guid":{"rendered":"https:\/\/denis-meunier.be\/Deonisios\/?p=741"},"modified":"2020-06-01T13:38:34","modified_gmt":"2020-06-01T11:38:34","slug":"banc-public","status":"publish","type":"post","link":"https:\/\/denis-meunier.be\/Deonisios\/2020\/05\/14\/banc-public\/","title":{"rendered":"Banc Public"},"content":{"rendered":"\n<p class=\"has-background has-very-light-gray-background-color\"><em>Un tr\u00e8s beau \u00ab\u00a0conte\u00a0\u00bb \u00e9crit par une \u00ab\u00a0Vieille Gangst\u00e8re en Col\u00e8re\u00a0\u00bb, en ce temps de confinement<\/em>.<\/p>\n\n\n\n<figure class=\"wp-block-image size-large\"><img loading=\"lazy\" decoding=\"async\" width=\"1024\" height=\"719\" src=\"https:\/\/denis-meunier.be\/Deonisios\/wp-content\/uploads\/2020\/05\/dame_et_banc-1024x719.jpg\" alt=\"\" class=\"wp-image-743\" srcset=\"https:\/\/denis-meunier.be\/Deonisios\/wp-content\/uploads\/2020\/05\/dame_et_banc-1024x719.jpg 1024w, https:\/\/denis-meunier.be\/Deonisios\/wp-content\/uploads\/2020\/05\/dame_et_banc-300x211.jpg 300w, https:\/\/denis-meunier.be\/Deonisios\/wp-content\/uploads\/2020\/05\/dame_et_banc-768x539.jpg 768w, https:\/\/denis-meunier.be\/Deonisios\/wp-content\/uploads\/2020\/05\/dame_et_banc.jpg 1344w\" sizes=\"auto, (max-width: 1024px) 100vw, 1024px\" \/><\/figure>\n\n\n\n<h2 class=\"wp-block-heading\">Le vieux banc&#8230;<\/h2>\n\n\n\n<p>\u00ab\u00a0<em>C\u2019\u00e9tait vraiment un vieux banc. <\/em><br><em>Il y a plusieurs ann\u00e9es, il avait \u00e9t\u00e9 plac\u00e9 dans un petit square lieu de repos, de pique nique et parfois de p\u00eache, devant un \u00e9tang &nbsp;o\u00f9 nageaient des poissons et s\u2019\u00e9battaient des canards.&nbsp; <\/em><br><em>Depuis cette \u00e9poque, chaque jour de beau temps &nbsp;il accueillait des promeneurs&nbsp;; des jeunes, des vieux, des familles, des petits enfants qui riaient de plaisir. <\/em><br><em>Or, depuis mars, depuis le confinement il restait d\u00e9sesp\u00e9r\u00e9ment seul. <\/em><br><em>Un &nbsp;jour d\u2019avril &nbsp;je d\u00e9cidai de m\u2019y asseoir un peu,&nbsp; j\u2019en avais le droit, je suis vieille, tr\u00e8s vieille.&nbsp; <\/em><br><em>Imm\u00e9diatement je remarquai que le banc avait pleur\u00e9. <\/em><br><em>Quelques larmes brillaient encore sur ses planches crevass\u00e9es. <\/em><br><em>Je lui demandai ce qui se passait et il me raconta&nbsp;\u2026&nbsp;<\/em><\/p>\n\n\n\n<p><em>\u00ab&nbsp;Il y a bien longtemps j\u2019\u00e9tais un arbre dans la for\u00eat, j\u2019\u00e9tais heureux, c\u2019\u00e9tait l\u2019\u00e9poque ou Georges Brassens&nbsp; me chantait sur les ondes et j\u2019\u00e9tais fier de rendre les gens heureux. <\/em><br><em>Je&nbsp; me souviens de ma peur et de mon chagrin lorsque j\u2019ai \u00e9t\u00e9 choisi pour \u00eatre arrach\u00e9 \u00e0 mon lieu de vie mais soulag\u00e9 de me retrouver dans ce jardin ou,&nbsp; m\u00e9tamorphos\u00e9 en banc,&nbsp;j\u2019attirais les passants pour se reposer, les \u00e9couter, les apaiser. <\/em><br><em>A nouveau je pouvais apporter un peu de bonheur. <\/em><br><em>Pendant des ann\u00e9es, ils ont \u00e9t\u00e9 nombreux \u00e0 venir&nbsp;se d\u00e9tendre, r\u00eaver ou partager entre eux les joies et peines de leur vie. <\/em><br><em>Nombreux aussi venaient les amoureux qui se projetais ensemble dans un avenir commun. <\/em><br><em>Or&nbsp; maintenant,&nbsp;je suis&nbsp; malheureux, je me sens mal car ce n\u2019est plus l\u2019amiti\u00e9, la tendresse, la convivialit\u00e9 que je transmets &nbsp;mais la maladie peut-\u00eatre m\u00eame la mort.&nbsp;\u00bb<\/em><\/p>\n\n\n\n<p><em>&nbsp;Je ne savais trop quoi&nbsp;lui dire car il en est ainsi actuellement pour chacun de nous qui \u00e0 notre insu et comme lui, &nbsp;sommes peut \u00eatre un danger pour l\u2019autre. <\/em><br><em>Nous aussi devons absolument \u00e9viter d\u2019\u00eatre trop proches les uns des autres, nous isoler sur le plan physique, nous prot\u00e9ger et nous respecter mutuellement en observant &nbsp;les consignes donn\u00e9es.<\/em><br><em>Cependant, tandis que&nbsp;l\u2019heure avan\u00e7ait, je sentais que quelque chose en moi avait chang\u00e9 et&nbsp;je remerciai le banc d\u2019avoir racont\u00e9 son histoire qui m\u2019a fait comprendre que tout ce qui nous entoure, chaque \u00eatre, chaque chose&nbsp;a une histoire qu\u2019il faut \u00e9couter, pr\u00e9server et qu\u2019ainsi seulement pourra s\u2019ouvrira une vie nouvelle, une vie meilleure. &nbsp;<\/em><br><em>Que d\u00e9sormais il <strong>NOUS <\/strong>appartiendra&nbsp;de respecter et faire respecter par nos dirigeants cette prise de conscience effectu\u00e9e&nbsp;dans la souffrance, la douleur, le confinement, la s\u00e9paration, la maladie, la mort et pour beaucoup le d\u00e9part d\u00e9finitif sans un dernier adieu, un dernier regard, un dernier \u00ab&nbsp;je t\u2019aime&nbsp;\u00bb \u00e0 ses enfants, ses parents, sa famille. &nbsp;<\/em><br><em><strong>N\u2019attendons pas comme le craint le vieux banc qui connait la &nbsp;faiblesse humaine de devoir souffrir davantage encore avant que quelque chose ne change<\/strong>.<\/em><\/p>\n\n\n\n<p><em>Tout en m\u2019\u00e9loignant je me retournai et le vis une fois encore seul face \u00e0 l\u2019\u00e9tang. &nbsp;<\/em><br><em>Il pleurait \u00e0 nouveau, c\u2019est normal tout est all\u00e9 tellement loin dans la fl\u00e9trissure de notre humanit\u00e9&nbsp;et il me sembla l\u2019entendre me demander si comme lui je croyais \u00e0 la fin de notre monde. <\/em><br><em>Je ne sus que lui r\u00e9pondre. &nbsp;<\/em><\/p>\n\n\n\n<p><strong>Christiane BLANJEAN <\/strong> <\/p>\n\n\n\n<div class=\"wp-block-image\"><figure class=\"aligncenter size-large\"><img decoding=\"async\" src=\"https:\/\/gangdesvieuxencolere.be\/wp-content\/uploads\/2020\/05\/74273902_2375721585884275_3309160310295756800_o-883x1024.jpg\" alt=\"\" class=\"wp-image-2648\"\/><figcaption><strong>Christiane BLANJEAN<\/strong> (Nassogne)<\/figcaption><\/figure><\/div>\n","protected":false},"excerpt":{"rendered":"<p>Un tr\u00e8s beau \u00ab\u00a0conte\u00a0\u00bb \u00e9crit par une \u00ab\u00a0Vieille Gangst\u00e8re en Col\u00e8re\u00a0\u00bb, en ce temps de confinement. &#8230; <a href=\"https:\/\/denis-meunier.be\/Deonisios\/2020\/05\/14\/banc-public\/\">Continuer la lecture <span class=\"meta-nav\">&rarr;<\/span><\/a><\/p>\n","protected":false},"author":1,"featured_media":743,"comment_status":"closed","ping_status":"closed","sticky":false,"template":"","format":"standard","meta":{"footnotes":""},"categories":[8],"tags":[],"class_list":["post-741","post","type-post","status-publish","format-standard","has-post-thumbnail","hentry","category-les-textes-que-jaime"],"_links":{"self":[{"href":"https:\/\/denis-meunier.be\/Deonisios\/wp-json\/wp\/v2\/posts\/741","targetHints":{"allow":["GET"]}}],"collection":[{"href":"https:\/\/denis-meunier.be\/Deonisios\/wp-json\/wp\/v2\/posts"}],"about":[{"href":"https:\/\/denis-meunier.be\/Deonisios\/wp-json\/wp\/v2\/types\/post"}],"author":[{"embeddable":true,"href":"https:\/\/denis-meunier.be\/Deonisios\/wp-json\/wp\/v2\/users\/1"}],"replies":[{"embeddable":true,"href":"https:\/\/denis-meunier.be\/Deonisios\/wp-json\/wp\/v2\/comments?post=741"}],"version-history":[{"count":4,"href":"https:\/\/denis-meunier.be\/Deonisios\/wp-json\/wp\/v2\/posts\/741\/revisions"}],"predecessor-version":[{"id":854,"href":"https:\/\/denis-meunier.be\/Deonisios\/wp-json\/wp\/v2\/posts\/741\/revisions\/854"}],"wp:featuredmedia":[{"embeddable":true,"href":"https:\/\/denis-meunier.be\/Deonisios\/wp-json\/wp\/v2\/media\/743"}],"wp:attachment":[{"href":"https:\/\/denis-meunier.be\/Deonisios\/wp-json\/wp\/v2\/media?parent=741"}],"wp:term":[{"taxonomy":"category","embeddable":true,"href":"https:\/\/denis-meunier.be\/Deonisios\/wp-json\/wp\/v2\/categories?post=741"},{"taxonomy":"post_tag","embeddable":true,"href":"https:\/\/denis-meunier.be\/Deonisios\/wp-json\/wp\/v2\/tags?post=741"}],"curies":[{"name":"wp","href":"https:\/\/api.w.org\/{rel}","templated":true}]}}