{"id":405,"date":"2019-04-10T09:51:40","date_gmt":"2019-04-10T07:51:40","guid":{"rendered":"http:\/\/denis-meunier.be\/Deonisios\/?p=405"},"modified":"2019-04-10T09:54:34","modified_gmt":"2019-04-10T07:54:34","slug":"405","status":"publish","type":"post","link":"https:\/\/denis-meunier.be\/Deonisios\/2019\/04\/10\/405\/","title":{"rendered":"QUI VEUT SAUVER VOS PENSIONS DE RETRAITE ?"},"content":{"rendered":"\n<ul class=\"wp-block-list\"><li>10 avril 2019 \u2013 9 h 38 min<\/li><\/ul>\n\n\n\n<div class=\"wp-block-image\"><figure class=\"aligncenter\"><img decoding=\"async\" src=\"https:\/\/deonisios.files.wordpress.com\/2019\/04\/cropped-boutonfr.png?w=147&amp;h=147\" alt=\"cropped-boutonfr.png\" class=\"wp-image-253\"\/><\/figure><\/div>\n\n\n\n<h2 class=\"wp-block-heading\">Le Gang des vieux en col\u00e8re lance une p\u00e9tition (\u00e9lectronique et papier)<\/h2>\n\n\n\n<h1 class=\"wp-block-heading\" style=\"text-align:center\"><strong><a href=\"https:\/\/www.mesopinions.com\/petition\/politique\/veut-sauver-nos-pensions-retraite\/62264?fbclid=IwAR3oa1iegHUuax69YC8DTbXSOXtHZNeySurf0bWapVtliKjkUZI93Br5JZk\" target=\"_blank\" rel=\"noreferrer noopener\">JE SIGNE<\/a><\/strong><\/h1>\n\n\n\n<p>Pour d\u00e9fendre bec et ongles le socle de notre s\u00e9curit\u00e9 sociale.<br>Soyez nombreux&nbsp;<strong>\u00e0 signer et \u00e0 partager !<\/strong><\/p>\n\n\n\n<p>Source&nbsp;:&nbsp;<a href=\"https:\/\/deonisios.wordpress.com\/2019\/04\/10\/qui-veut-sauver-vos-pensions-de-retraite\/\" target=\"_blank\" rel=\"noreferrer noopener\">QUI VEUT SAUVER VOS PENSIONS DE RETRAITE ?<\/a><\/p>\n","protected":false},"excerpt":{"rendered":"<p>10 avril 2019 \u2013 9 h 38 min Le Gang des vieux en col\u00e8re lance une p\u00e9tition (\u00e9lectronique et papier) JE SIGNE Pour d\u00e9fendre bec et ongles le socle de notre s\u00e9curit\u00e9 sociale.Soyez nombreux&nbsp;\u00e0 signer et \u00e0 partager ! Source&nbsp;:&nbsp;QUI &hellip; <a href=\"https:\/\/denis-meunier.be\/Deonisios\/2019\/04\/10\/405\/\">Continuer la lecture <span class=\"meta-nav\">&rarr;<\/span><\/a><\/p>\n","protected":false},"author":1,"featured_media":409,"comment_status":"open","ping_status":"open","sticky":false,"template":"","format":"standard","meta":{"footnotes":""},"categories":[6],"tags":[],"class_list":["post-405","post","type-post","status-publish","format-standard","has-post-thumbnail","hentry","category-je-rale"],"_links":{"self":[{"href":"https:\/\/denis-meunier.be\/Deonisios\/wp-json\/wp\/v2\/posts\/405","targetHints":{"allow":["GET"]}}],"collection":[{"href":"https:\/\/denis-meunier.be\/Deonisios\/wp-json\/wp\/v2\/posts"}],"about":[{"href":"https:\/\/denis-meunier.be\/Deonisios\/wp-json\/wp\/v2\/types\/post"}],"author":[{"embeddable":true,"href":"https:\/\/denis-meunier.be\/Deonisios\/wp-json\/wp\/v2\/users\/1"}],"replies":[{"embeddable":true,"href":"https:\/\/denis-meunier.be\/Deonisios\/wp-json\/wp\/v2\/comments?post=405"}],"version-history":[{"count":3,"href":"https:\/\/denis-meunier.be\/Deonisios\/wp-json\/wp\/v2\/posts\/405\/revisions"}],"predecessor-version":[{"id":408,"href":"https:\/\/denis-meunier.be\/Deonisios\/wp-json\/wp\/v2\/posts\/405\/revisions\/408"}],"wp:featuredmedia":[{"embeddable":true,"href":"https:\/\/denis-meunier.be\/Deonisios\/wp-json\/wp\/v2\/media\/409"}],"wp:attachment":[{"href":"https:\/\/denis-meunier.be\/Deonisios\/wp-json\/wp\/v2\/media?parent=405"}],"wp:term":[{"taxonomy":"category","embeddable":true,"href":"https:\/\/denis-meunier.be\/Deonisios\/wp-json\/wp\/v2\/categories?post=405"},{"taxonomy":"post_tag","embeddable":true,"href":"https:\/\/denis-meunier.be\/Deonisios\/wp-json\/wp\/v2\/tags?post=405"}],"curies":[{"name":"wp","href":"https:\/\/api.w.org\/{rel}","templated":true}]}}