{"id":385,"date":"2019-02-20T12:12:26","date_gmt":"2019-02-20T11:12:26","guid":{"rendered":"http:\/\/denis-meunier.be\/Deonisios\/?p=385"},"modified":"2020-06-03T14:48:49","modified_gmt":"2020-06-03T12:48:49","slug":"pour-le-climat","status":"publish","type":"post","link":"https:\/\/denis-meunier.be\/Deonisios\/2019\/02\/20\/pour-le-climat\/","title":{"rendered":"Pour le climat"},"content":{"rendered":"\n<div class=\"wp-block-image\"><figure class=\"alignleft is-resized\"><img loading=\"lazy\" decoding=\"async\" src=\"http:\/\/denis-meunier.be\/Deonisios\/wp-content\/uploads\/2019\/02\/GangVC-1024x1024.png\" alt=\"\" class=\"wp-image-388\" width=\"210\" height=\"210\" srcset=\"https:\/\/denis-meunier.be\/Deonisios\/wp-content\/uploads\/2019\/02\/GangVC-1024x1024.png 1024w, https:\/\/denis-meunier.be\/Deonisios\/wp-content\/uploads\/2019\/02\/GangVC-150x150.png 150w, https:\/\/denis-meunier.be\/Deonisios\/wp-content\/uploads\/2019\/02\/GangVC-300x300.png 300w, https:\/\/denis-meunier.be\/Deonisios\/wp-content\/uploads\/2019\/02\/GangVC-768x768.png 768w, https:\/\/denis-meunier.be\/Deonisios\/wp-content\/uploads\/2019\/02\/GangVC.png 1137w\" sizes=\"auto, (max-width: 210px) 100vw, 210px\" \/><\/figure><\/div>\n\n\n\n<p class=\"has-medium-font-size\"><strong>\u00a0\u00bb A quoi sert de se battre pour une retraite digne pour les futures g\u00e9n\u00e9rations <\/strong><br><strong>si au moment de prendre leur pension, la plan\u00e8te br\u00fble ? \u00ab\u00a0<\/strong><\/p>\n\n\n\n<p><\/p>\n\n\n\n<p class=\"has-medium-font-size\">Comme vous le savez, de plus en plus de vieilles et de Vieux en Col\u00e8re soutiennent les plus jeunes dans leur manifestations des jeudis pour le climat.<br>Ils seront encore<br><strong>\u00a0  CE JEUDI A 12.00 H.<\/strong> <strong>BRUXELLES &#8211; GARE DU NORD <\/strong><br>( D\u00c9PART de la manifestation \u00e0 13.00 H )<\/p>\n\n\n\n<p><strong>Quelques pistes des Vieux pour sauver le climat<\/strong><br>\u00b7 Dans les villes, investir massivement dans le transport public (bon march\u00e9 et accessible aux moins valides)<br>\u00b7 Supprimer l\u2019avantage fiscal pour les voitures d\u2019entreprise<br>\u00b7 D\u00e9courager le transport a\u00e9rien en taxant le K\u00e9ros\u00e8ne<br>. D\u00e9courager les m\u00e9gas transports maritimes ( M\u00e9ga croisi\u00e8res &#8211; m\u00e9ga transporteurs de conteneurs) en taxant le fioul maritime<br>\u00b7 Acc\u00e9l\u00e9rer la construction de pistes cyclables s\u00fbres pour les plus valides et permettre des d\u00e9rogations pour les moins valides<br>\u00b7 Acc\u00e9l\u00e9rer le passage \u00e0 la production d\u2019\u00e9nergies renouvelables<\/p>\n\n\n\n<p>Beaucoup de politiques pr\u00e9tendent, comme pour \u00ab\u00a0le minimum de retraite digne\u00a0\u00bb:<br><em>&#8211; \u201cNous comprenons vos pr\u00e9occupations et pour le climat et pour les pensions mais cela doit rester payable\u201d.<\/em><br><strong>Ils veulent des pistes de solutions ?<\/strong><br><strong>En voici, en voila:<\/strong><br>&#8211; Une plus grande justice fiscale<br>&#8211; Un syst\u00e8me d\u2019imp\u00f4ts \u00e9quitable (o\u00f9 les plus fortes \u00e9paules supportent les co\u00fbts les plus lourds) pourrait amener dans les caisses de l\u2019Etat des dizaines de milliards.<\/p>\n\n\n\n<p>Il ne faut pas s\u00e9parer la probl\u00e9matique du climat, des autres probl\u00e8mes soci\u00e9taux comme les pensions !<br><strong>Quelques exemples:<\/strong><br>\u00b7 La baisse du pouvoir d\u2019achat,<br>. L\u2019accroissement de la pauvret\u00e9, \u00e0 commencer par les plus \u00e2g\u00e9s<br>\u00b7 L\u2019augmentation des co\u00fbts des soins de sant\u00e9<br><strong>Nous le savons, tout ce qui est bas\u00e9 sur la solidarit\u00e9 est d\u00e9mantel\u00e9 petit \u00e0 petit (s\u00e9curit\u00e9 sociale, services publics&#8230;)<\/strong><br>Voil\u00e0 pourquoi, nombre de Vieilles Gangst\u00e8res et de Vieux Gangsters en Col\u00e8re sont solidaires des plus jeunes, y compris pour le climat !<\/p>\n\n\n\n<p>Michel HUISMAN<br>GVC<\/p>\n\n\n\n<p><\/p>\n","protected":false},"excerpt":{"rendered":"<p>\u00a0\u00bb A quoi sert de se battre pour une retraite digne pour les futures g\u00e9n\u00e9rations si au moment de prendre leur pension, la plan\u00e8te br\u00fble ? \u00ab\u00a0 Comme vous le savez, de plus en plus de vieilles et de Vieux &hellip; <a href=\"https:\/\/denis-meunier.be\/Deonisios\/2019\/02\/20\/pour-le-climat\/\">Continuer la lecture <span class=\"meta-nav\">&rarr;<\/span><\/a><\/p>\n","protected":false},"author":1,"featured_media":0,"comment_status":"open","ping_status":"open","sticky":false,"template":"","format":"standard","meta":{"footnotes":""},"categories":[6],"tags":[],"class_list":["post-385","post","type-post","status-publish","format-standard","hentry","category-je-rale"],"_links":{"self":[{"href":"https:\/\/denis-meunier.be\/Deonisios\/wp-json\/wp\/v2\/posts\/385","targetHints":{"allow":["GET"]}}],"collection":[{"href":"https:\/\/denis-meunier.be\/Deonisios\/wp-json\/wp\/v2\/posts"}],"about":[{"href":"https:\/\/denis-meunier.be\/Deonisios\/wp-json\/wp\/v2\/types\/post"}],"author":[{"embeddable":true,"href":"https:\/\/denis-meunier.be\/Deonisios\/wp-json\/wp\/v2\/users\/1"}],"replies":[{"embeddable":true,"href":"https:\/\/denis-meunier.be\/Deonisios\/wp-json\/wp\/v2\/comments?post=385"}],"version-history":[{"count":2,"href":"https:\/\/denis-meunier.be\/Deonisios\/wp-json\/wp\/v2\/posts\/385\/revisions"}],"predecessor-version":[{"id":389,"href":"https:\/\/denis-meunier.be\/Deonisios\/wp-json\/wp\/v2\/posts\/385\/revisions\/389"}],"wp:attachment":[{"href":"https:\/\/denis-meunier.be\/Deonisios\/wp-json\/wp\/v2\/media?parent=385"}],"wp:term":[{"taxonomy":"category","embeddable":true,"href":"https:\/\/denis-meunier.be\/Deonisios\/wp-json\/wp\/v2\/categories?post=385"},{"taxonomy":"post_tag","embeddable":true,"href":"https:\/\/denis-meunier.be\/Deonisios\/wp-json\/wp\/v2\/tags?post=385"}],"curies":[{"name":"wp","href":"https:\/\/api.w.org\/{rel}","templated":true}]}}