{"id":292,"date":"2014-11-09T23:19:01","date_gmt":"2014-11-09T22:19:01","guid":{"rendered":"http:\/\/denis-meunier.be\/Deonisios\/?p=292"},"modified":"2020-06-03T11:58:58","modified_gmt":"2020-06-03T09:58:58","slug":"la-belgique-na-pas-de-probleme-budgetaire-elle-a-un-probleme-fiscal","status":"publish","type":"post","link":"https:\/\/denis-meunier.be\/Deonisios\/2014\/11\/09\/la-belgique-na-pas-de-probleme-budgetaire-elle-a-un-probleme-fiscal\/","title":{"rendered":"La Belgique n&rsquo;a pas de probl\u00e8me budg\u00e9taire ; elle a un probl\u00e8me fiscal !\u00a0"},"content":{"rendered":"<p>Texte de&nbsp;Michel Gevers, professeur \u00e0 l&rsquo;UCL et Doctor honoris causa VUB.<\/p>\n<p><a href=\"http:\/\/denis-meunier.be\/Deonisios\/wp-content\/uploads\/2018\/07\/MichelGevers.jpg\"><img loading=\"lazy\" decoding=\"async\" class=\"alignnone size-full wp-image-293\" src=\"http:\/\/denis-meunier.be\/Deonisios\/wp-content\/uploads\/2018\/07\/MichelGevers.jpg\" alt=\"\" width=\"180\" height=\"225\"><\/a><br \/>\nCe gouvernement qui veut moderniser est en retard d&rsquo;une guerre.<br \/>\n9 novembre 2014, 22:56<br \/>\nMichel Gevers<\/p>\n<p>La Belgique n&rsquo;a pas de probl\u00e8me budg\u00e9taire ; elle a un probl\u00e8me fiscal<br \/>\nUn texte de Michel Gevers.<br \/>\nProfesseur \u00e9m\u00e9rite de l&rsquo;UCL et Docteur Honoris Causa de la VUB<\/p>\n<p>Depuis des ann\u00e9es, le monde politique, le patronat et la presse nous ass\u00e8nent que la Belgique a un immense probl\u00e8me budg\u00e9taire.<br \/>\nLe budget de l&rsquo;\u00e9tat pr\u00e9sente un d\u00e9ficit de 14 milliards ; l&rsquo;Europe nous menace de sanctions.<br \/>\nOn a fait croire \u00e0 l&rsquo;opinion publique qu&rsquo;il faut faire des sacrifices, qu&rsquo;il faut sabrer dans la s\u00e9curit\u00e9 sociale parce que c&rsquo;est la crise.<br \/>\nEt \u00ab\u00a0la crise\u00a0\u00bb est pr\u00e9sent\u00e9e comme une loi de la nature : c&rsquo;est venu tout seul, personne n&rsquo;en est responsable.<br \/>\nOn \u00e9vite bien s\u00fbr de dire que \u00ab\u00a0la crise\u00a0\u00bb est le r\u00e9sultat tout \u00e0 fait pr\u00e9visible de trente ans de d\u00e9r\u00e9gulation et de n\u00e9olib\u00e9ralisme initi\u00e9s par Reagan et Thatcher.<br \/>\nOr la Belgique n&rsquo;a aucun probl\u00e8me budg\u00e9taire.<br \/>\nElle a un probl\u00e8me fiscal parce que ces m\u00eames Reagan et Thatcher ont un jour d\u00e9cid\u00e9 qu&rsquo;il \u00e9tait inacceptable que les plus fortun\u00e9s d&rsquo;entre nous paient autant d&rsquo;imp\u00f4ts que la classe moyenne, et que nos dirigeants belges et europ\u00e9ens, lib\u00e9raux et conservateurs, les ont suivis et ont organis\u00e9 l&rsquo;\u00e9vasion fiscale.<br \/>\nPendant 12 ans, Didier Reynders a mis en place ou renforc\u00e9 des m\u00e9canismes qui permettent aux gens tr\u00e8s fortun\u00e9s et aux soci\u00e9t\u00e9s qui font les plus gros b\u00e9n\u00e9fices de ne payer quasiment aucun imp\u00f4t : abaissement des taux d&rsquo;imposition sur les gros revenus, pr\u00e9compte \u00ab\u00a0lib\u00e9ratoire\u00a0\u00bb (le joli mot!) \u00e0 un taux tr\u00e8s bas, int\u00e9r\u00eats notionnels, et autres m\u00e9canismes ont \u00e9t\u00e9 mis en place pour que les riches deviennent de plus en plus riches.<br \/>\nCeci explique que les tr\u00e8s riches fran\u00e7ais viennent s&rsquo;installer en Belgique, paradis fiscal pour les tr\u00e8s fortun\u00e9s et pays de la rage taxatoire pour tous les autres.<br \/>\nLorsqu&rsquo;il y a deux ans il a \u00e9t\u00e9 r\u00e9v\u00e9l\u00e9 que le baron Albert Fr\u00e8re avait pay\u00e9 moins de 300\u20ac d&rsquo;imp\u00f4ts sur toute l&rsquo;ann\u00e9e, (Albert Fr\u00e8re \u00ab\u00a0baron\u00a0\u00bb &#8230; un ami de Sarko &#8230; ) son adjoint a expliqu\u00e9 qu&rsquo;il n&rsquo;y avait eu aucune fraude, que c&rsquo;\u00e9tait l\u00e9gal.<br \/>\nC&rsquo;est \u00e0 cela que sert un ministre des finances lib\u00e9ral, \u00e0 rendre l&rsquo;\u00e9vasion fiscale parfaitement l\u00e9gale.<br \/>\nIl y a quelques jours, gr\u00e2ce aux chiffres de la Banque Nationale, nous avons appris qu&rsquo;une femme de m\u00e9nage paie infiniment plus d&rsquo;imp\u00f4ts que la soci\u00e9t\u00e9 Inbev ou le holding GBL d&rsquo;Albert Fr\u00e8re, qui tous deux ont pay\u00e9 0\u20ac d&rsquo;imp\u00f4ts sur des b\u00e9n\u00e9fices de 1.748 millions et 845 millions d&rsquo;euros, respectivement.<br \/>\nLe groupe Telenet a \u00e9t\u00e9 moins chanceux : il a quand m\u00eame d\u00fb payer 0,4% d&rsquo;imp\u00f4ts sur un b\u00e9n\u00e9fice de 4.317 millions d&rsquo;euros.<br \/>\nLe dossier LuxLeaks nous apprend comment l&rsquo;\u00e9vasion fiscale organis\u00e9e par nos Ministres des Finances permet aux grosses soci\u00e9t\u00e9s et aux plus riches d&rsquo;\u00e9chapper \u00e0 l&rsquo;imp\u00f4t, ce qui oblige les travailleurs \u00e0 payer des imp\u00f4ts exorbitants pour pouvoir notamment offrir un avion gratuit au baron Albert Fr\u00e8re.<br \/>\nLes m\u00e9canismes mis en place pour que les grosses soci\u00e9t\u00e9s ne paient quasiment pas d&rsquo;imp\u00f4ts repr\u00e9sentent un trou dans les finances de l&rsquo;\u00e9tat qu&rsquo;on \u00e9value \u00e0 12 milliards.<br \/>\nLa fraude fiscale et l&rsquo;\u00e9vasion fiscale des particuliers est estim\u00e9e \u00e0 un montant de 8 \u00e0 12 milliards.<br \/>\nC&rsquo;est donc environ 20 milliards d&rsquo;euros qui \u00e9chappent aux recettes de l&rsquo;\u00e9tat par la volont\u00e9 du pouvoir politique, et en particulier des partis lib\u00e9raux.<br \/>\nEt cette somme va encore augmenter avec les nouveaux cadeaux fiscaux du gouvernement Michel.<br \/>\nOn n&rsquo;a jamais montr\u00e9 que les int\u00e9r\u00eats notionnels avaient cr\u00e9\u00e9 un seul emploi en Belgique.<br \/>\nPar contre, ces int\u00e9r\u00eats notionnels, maintenus contre toute attente par notre nouveau gouvernement n\u00e9o-lib\u00e9ral, vont co\u00fbter des milliers d&#8217;emplois perdus.<br \/>\nCar en effet, pour compenser le trou de plusieurs milliards qu&rsquo;ils cr\u00e9ent dans les recettes de l&rsquo;\u00e9tat, le gouvernement a introduit des r\u00e9ductions budg\u00e9taires massives qui vont mettre des milliers de travailleurs au ch\u00f4mage.<br \/>\nLes institutions culturelles, la recherche scientifique, les chemins de fer, le CRIOC, les entreprises publiques, tous vont devoir r\u00e9duire leur personnel ou tout simplement dispara\u00eetre, comme c&rsquo;est le cas de BELSPO et du CRIOC par exemple. A c\u00f4t\u00e9 de ces pertes d&#8217;emploi s\u00e8ches, ce sont plusieurs millions de travailleurs belges qui vont voir leur salaire r\u00e9duit ou leur co\u00fbt de la vie augment\u00e9, alors m\u00eame que la Belgique n&rsquo;a aucun probl\u00e8me budg\u00e9taire, mais un probl\u00e8me fiscal : le gouvernement ne veut pas taxer les riches.<br \/>\nPlut\u00f4t que de taxer la totalit\u00e9 des revenus, il ne veut taxer que les salaires et les allocations sociales.<br \/>\nLorsque, sous les gouvernements pr\u00e9c\u00e9dents, les partis de gauche demandaient de taxer de la m\u00eame mani\u00e8re les revenus du travail et du capital, les lib\u00e9raux s&rsquo;y sont farouchement oppos\u00e9s.<br \/>\nLa raison? \u00a0\u00bb C&rsquo;est trop compliqu\u00e9. Les riches ont des arm\u00e9es d&rsquo;avocats qui leur permettront d&rsquo;\u00e9vader l&rsquo;imp\u00f4t. Et puis la Belgique n&rsquo;a pas de cadastre des fortunes. \u00a0\u00bb<br \/>\nDepuis 30 ans qu&rsquo;on nous dit cela, on aurait pu \u00e9tablir ce fameux cadastre des fortunes, comme d&rsquo;autres pays l&rsquo;ont fait.<br \/>\nOn nous a donc fait croire que la Belgique a un \u00e9norme probl\u00e8me budg\u00e9taire, et le gouvernement Michel a d\u00e9cid\u00e9 que, plut\u00f4t que de faire contribuer les tr\u00e8s riches et les soci\u00e9t\u00e9s qui font d&rsquo;immenses b\u00e9n\u00e9fices non tax\u00e9s, il allait d\u00e9clarer la guerre aux personnes qui travaillent ou qui essaient de travailler. C&rsquo;est une lutte des classes d&rsquo;une rare violence qui est enclench\u00e9e par ce gouvernement, soutenu par la FEB et le VOKA.<br \/>\nSaut d&rsquo;index, blocage des salaires, atteintes aux pensions, limitation de l&rsquo;acc\u00e8s aux soins de sant\u00e9 et \u00e0 la culture, suppressions massives d&#8217;emplois : tout est fait pour appauvrir la population et d\u00e9courager ceux qui veulent travailler de le faire.<br \/>\nC&rsquo;est ainsi que les 50.000 personnes qui, pour \u00e9chapper au ch\u00f4mage, acceptent de travailler \u00e0 temps partiel alors qu&rsquo;ils cherchaient un temps plein re\u00e7oivent une allocation compl\u00e9mentaire (appel\u00e9e AGR) pour s&rsquo;assurer qu&rsquo;ils ne gagnent pas moins en travaillant qu&rsquo;en ch\u00f4mant.<br \/>\nLe gouvernement a d\u00e9cid\u00e9 de d\u00e9courager ces personnes, essentiellement des femmes, en r\u00e9duisant cette allocation.<br \/>\nPour faire accepter par l&rsquo;opinion publique cette d\u00e9gradation des services et ces baisses consid\u00e9rables du pouvoir d&rsquo;achat, le gouvernement utilise une vieille arme de propagande. Il ne dit pas \u00a0\u00bb on va d\u00e9manteler, on va licencier, on va r\u00e9duire, on va attaquer, on va appauvrir \u00a0\u00bb ; non, il dit \u00a0\u00bb on va moderniser \u00ab\u00a0.<br \/>\nOn va moderniser le march\u00e9 du travail, on va moderniser le r\u00e9gime des pensions, on va moderniser la SNCB, on va moderniser les institutions scientifiques et culturelles.<br \/>\nLa d\u00e9claration gouvernementale reprend 93 fois les mots moderne et moderniser !<br \/>\nBien jou\u00e9 : m\u00eame les \u00e9ditorialistes tombent dans le panneau et \u00e9crivent \u00e0 leur tour qu&rsquo;il faut \u00a0\u00bb moderniser \u00a0\u00bb la s\u00e9curit\u00e9 sociale et le march\u00e9 du travail, alors que ce mot ne veut \u00e9videmment rien dire.<br \/>\nComble de l&rsquo;ironie : ce gouvernement qui veut moderniser est en retard d&rsquo;une guerre.<br \/>\nCar aujourd&rsquo;hui tous les grands \u00e9conomistes et m\u00eame les milieux financiers, FMI en t\u00eate, affirment que ce qui a plong\u00e9 l&rsquo;Europe dans la mis\u00e8re en g\u00e9n\u00e9rant des dizaines de millions de ch\u00f4meurs, c&rsquo;est la politique d&rsquo;aust\u00e9rit\u00e9 men\u00e9e depuis 2008.<br \/>\nSeuls des investissements publics massifs et une augmentation du pouvoir d&rsquo;achat sont susceptibles de relancer la demande et de sortir l&rsquo;Europe du marasme.<br \/>\nM\u00eame les \u00e9conomistes lib\u00e9raux belges, qui ont invent\u00e9 ou soutenu les int\u00e9r\u00eats notionnels, reconnaissent aujourd&rsquo;hui leurs erreurs.<br \/>\nMais le gouvernement Michel n&rsquo;a rien lu de ces discours trop modernes pour lui, il n&rsquo;a pas lu Thomas Piketty qui montre que nous sommes sur le point de retrouver le niveau d&rsquo;in\u00e9galit\u00e9s d&rsquo;avant 1914, et qui en explique si bien les m\u00e9canismes.<br \/>\nConclusion : la Belgique n&rsquo;a aucun probl\u00e8me budg\u00e9taire.<br \/>\nIl n&rsquo;y a donc aucune raison de s&rsquo;attaquer \u00e0 notre syst\u00e8me de s\u00e9curit\u00e9 sociale, notre recherche, nos institutions culturelles, ou la SNCB.<br \/>\nIl suffit de faire en sorte que les personnes les plus riches soient tax\u00e9es comme le reste de la population et que les entreprises b\u00e9n\u00e9ficiaires contribuent \u00e0 l&rsquo;imp\u00f4t.<br \/>\nOublions donc la d\u00e9claration gouvernementale et donnons \u00e0 lire \u00e0 nos ministres les analyses d&rsquo;aujourd&rsquo;hui pour qu&rsquo;il abandonne ses id\u00e9es archa\u00efques, qu&rsquo;il s&rsquo;excuse et qu&rsquo;il d\u00e9missionne.<br \/>\nCet accord de gouvernement n&rsquo;\u00e9tait qu&rsquo;un mauvais r\u00eave !<\/p>\n<p>Michel Gevers&nbsp;Professeur \u00e9m\u00e9rite de l&rsquo;UCL et Docteur Honoris Causa de la VUB<br \/>\nLe 6 novembre 2014<br \/>\nMail :&nbsp;<a href=\"mailto:Michel.Gevers@uclouvain.be\">Michel.Gevers@uclouvain.be<\/a><\/p>\n<p>&nbsp;<\/p>\n<p>&nbsp;<\/p>\n","protected":false},"excerpt":{"rendered":"<p>Texte de&nbsp;Michel Gevers, professeur \u00e0 l&rsquo;UCL et Doctor honoris causa VUB. Ce gouvernement qui veut moderniser est en retard d&rsquo;une guerre. 9 novembre 2014, 22:56 Michel Gevers La Belgique n&rsquo;a pas de probl\u00e8me budg\u00e9taire ; elle a un probl\u00e8me fiscal &hellip; <a href=\"https:\/\/denis-meunier.be\/Deonisios\/2014\/11\/09\/la-belgique-na-pas-de-probleme-budgetaire-elle-a-un-probleme-fiscal\/\">Continuer la lecture <span class=\"meta-nav\">&rarr;<\/span><\/a><\/p>\n","protected":false},"author":1,"featured_media":293,"comment_status":"open","ping_status":"open","sticky":false,"template":"","format":"standard","meta":{"footnotes":""},"categories":[6,8],"tags":[],"class_list":["post-292","post","type-post","status-publish","format-standard","has-post-thumbnail","hentry","category-je-rale","category-les-textes-que-jaime"],"_links":{"self":[{"href":"https:\/\/denis-meunier.be\/Deonisios\/wp-json\/wp\/v2\/posts\/292","targetHints":{"allow":["GET"]}}],"collection":[{"href":"https:\/\/denis-meunier.be\/Deonisios\/wp-json\/wp\/v2\/posts"}],"about":[{"href":"https:\/\/denis-meunier.be\/Deonisios\/wp-json\/wp\/v2\/types\/post"}],"author":[{"embeddable":true,"href":"https:\/\/denis-meunier.be\/Deonisios\/wp-json\/wp\/v2\/users\/1"}],"replies":[{"embeddable":true,"href":"https:\/\/denis-meunier.be\/Deonisios\/wp-json\/wp\/v2\/comments?post=292"}],"version-history":[{"count":3,"href":"https:\/\/denis-meunier.be\/Deonisios\/wp-json\/wp\/v2\/posts\/292\/revisions"}],"predecessor-version":[{"id":876,"href":"https:\/\/denis-meunier.be\/Deonisios\/wp-json\/wp\/v2\/posts\/292\/revisions\/876"}],"wp:featuredmedia":[{"embeddable":true,"href":"https:\/\/denis-meunier.be\/Deonisios\/wp-json\/wp\/v2\/media\/293"}],"wp:attachment":[{"href":"https:\/\/denis-meunier.be\/Deonisios\/wp-json\/wp\/v2\/media?parent=292"}],"wp:term":[{"taxonomy":"category","embeddable":true,"href":"https:\/\/denis-meunier.be\/Deonisios\/wp-json\/wp\/v2\/categories?post=292"},{"taxonomy":"post_tag","embeddable":true,"href":"https:\/\/denis-meunier.be\/Deonisios\/wp-json\/wp\/v2\/tags?post=292"}],"curies":[{"name":"wp","href":"https:\/\/api.w.org\/{rel}","templated":true}]}}