{"id":1286,"date":"2022-12-28T15:56:36","date_gmt":"2022-12-28T14:56:36","guid":{"rendered":"https:\/\/denis-meunier.be\/Deonisios\/?p=1286"},"modified":"2022-12-30T14:36:27","modified_gmt":"2022-12-30T13:36:27","slug":"lettre-ouverte-a-engie","status":"publish","type":"post","link":"https:\/\/denis-meunier.be\/Deonisios\/2022\/12\/28\/lettre-ouverte-a-engie\/","title":{"rendered":"Lettre ouverte \u00e0 Engie\u00a0!"},"content":{"rendered":"\n<h1 class=\"wp-block-heading\"><strong>Quand Engie veut <mark style=\"background-color:rgba(0, 0, 0, 0)\" class=\"has-inline-color has-vivid-red-color\">aussi <\/mark>vendre la viande de la vache laiti\u00e8re&nbsp;!<\/strong><\/h1>\n\n\n<div class=\"wp-block-image\">\n<figure class=\"aligncenter size-full\"><img loading=\"lazy\" decoding=\"async\" width=\"426\" height=\"394\" src=\"https:\/\/denis-meunier.be\/Deonisios\/wp-content\/uploads\/2022\/12\/VACHE1.jpg\" alt=\"\" class=\"wp-image-1287\" srcset=\"https:\/\/denis-meunier.be\/Deonisios\/wp-content\/uploads\/2022\/12\/VACHE1.jpg 426w, https:\/\/denis-meunier.be\/Deonisios\/wp-content\/uploads\/2022\/12\/VACHE1-300x277.jpg 300w\" sizes=\"auto, (max-width: 426px) 100vw, 426px\" \/><\/figure>\n<\/div>\n\n\n<p><em>Je ne r\u00e9siste pas au plaisir de publier la lettre ouverte que j&rsquo;adresse \u00e0 mon fournisseur d&rsquo;\u00e9nergie <mark style=\"background-color:rgba(0, 0, 0, 0);color:#7800e9\" class=\"has-inline-color\"><strong>ENGIE<\/strong><\/mark><\/em><\/p>\n\n\n\n<div class=\"wp-block-group has-background\" style=\"background-color:#ecf7ff\"><div class=\"wp-block-group__inner-container is-layout-constrained wp-block-group-is-layout-constrained\">\n<p>Cher, tr\u00e8s cher <em><mark style=\"background-color:rgba(0, 0, 0, 0);color:#7800e9\" class=\"has-inline-color\"><strong>ENGIE<\/strong><\/mark><\/em>,<\/p>\n\n\n\n<p>Les clients qui ont conclu un contrat \u00ab&nbsp;\u00e9nergie FLOW&nbsp;\u00bb avec Engie viennent de recevoir leur petit cadeau de fin d\u2019ann\u00e9e&nbsp;: une promesse d\u2019une belle augmentation de leur facture d\u2019\u00e9lectricit\u00e9 (et aussi accessoirement de gaz) \u00e0 la date du 1<sup>er<\/sup> mars 2023.<\/p>\n\n\n\n<p>Vous justifiez sommairement cette augmentation par les mots \u00ab&nbsp;conditions actuelles du march\u00e9&nbsp;\u00bb&nbsp;! &#x1f644;<\/p>\n\n\n\n<p>Vous oubliez de sp\u00e9cifier que votre tarif initial (du fait de la disparition des contrats fixes) suit d\u00e9j\u00e0 l\u2019\u00e9volution du march\u00e9 puisque bas\u00e9 sur l\u2019index \u00ab&nbsp;EPEX DAM&nbsp;\u00bb<\/p>\n\n\n\n<p class=\"has-background\" style=\"background-color:#eeeeee\"><strong>Jusqu\u2019o\u00f9 allez-vous traire la vache \u00e0 lait&nbsp;?<\/strong><\/p>\n\n\n\n<p>En quelques lignes, analysons le changement de prix annonc\u00e9&nbsp;:<\/p>\n\n\n\n<p><em><sup>(exemple pour un compteur normal \u00e9lectricit\u00e9, sans tenir compte des frais annexes de redevance, de r\u00e9seau et taxes)<\/sup><\/em><\/p>\n\n\n\n<p>Engie applique les formules (obscures) suivantes pour la fourniture (hors TVA)&nbsp;:<\/p>\n\n\n\n<p>Ancien contrat&nbsp;:&nbsp;&nbsp; &nbsp;&nbsp;&nbsp;&nbsp;&nbsp;&nbsp;&nbsp;&nbsp;&nbsp;&nbsp;&nbsp;&nbsp;&nbsp;&nbsp;&nbsp;&nbsp;&nbsp;&nbsp;&nbsp; &nbsp;= <strong>0,9800 + 0,1067 x EPEX DAM<br><\/strong>Contrat \u00e0 partir du 1\/3\/2023:&nbsp;&nbsp; = <strong>3,0300 + 0,1085 x EPEX DAM<br><\/strong><em>(formule dans mon cas personnel d\u2019un contrat conclu le 1er avril 2022 et aucune justification ou explication concernant les deux premiers composants de cette formule<\/em>)<\/p>\n\n\n\n<p>Il eut \u00e9t\u00e9 plus clair de fournir imm\u00e9diatement le cout actuel du kWh et de son nouveau prix, mais cela aurait trop visiblement affich\u00e9 l\u2019ampleur de l\u2019augmentation <strong>HORS INDEXATION<\/strong> !<br>Qu\u2019\u00e0 cela ne tienne, j\u2019ai fait le calcul&nbsp;:<\/p>\n\n\n\n<p><strong>Ici d\u00e9j\u00e0, Engie applique de fait une augmentation de <mark style=\"background-color:rgba(0, 0, 0, 0)\" class=\"has-inline-color has-vivid-red-color\">+\/- <u>18% HORS INDEXATION<\/u> <\/mark><br><\/strong>rien que sur le prix du kWh<em>. (sauf erreur de ma part que je veux bien rectifier si Engie me d\u00e9montre une erreur)<\/em><\/p>\n\n\n\n<p class=\"has-large-font-size\"><strong><mark style=\"background-color:rgba(0, 0, 0, 0)\" class=\"has-inline-color has-vivid-red-color\">Mais ce n\u2019est pas tout&nbsp;! <\/mark><\/strong><\/p>\n\n\n\n<p class=\"has-background\" style=\"background-color:#eeeeee\"><strong>Apr\u00e8s avoir trait la vache<\/strong> (de consommateur), <strong>Engie veut vendre all\u00e8grement sa viande<\/strong>\u2026<\/p>\n\n\n\n<p>Heureux privil\u00e9gi\u00e9 propri\u00e9taire de panneaux solaires, dans lesquels il n\u2019a pas investi le moindre centime, Engie me rach\u00e8te \u00ab&nbsp;chichement&nbsp;\u00bb les kWh que je ne consomme pas et que je r\u00e9injecte sur le r\u00e9seau.<\/p>\n\n\n\n<p><strong><mark style=\"background-color:rgba(0, 0, 0, 0)\" class=\"has-inline-color has-vivid-red-color\">Et \u00e0 quel tarif&nbsp;?<\/mark><\/strong> \u2026 toujours sur base d\u2019une formule&nbsp;:<\/p>\n\n\n\n<p>Ancien contrat&nbsp;:&nbsp;&nbsp; &nbsp;&nbsp;&nbsp;&nbsp;&nbsp;&nbsp;&nbsp;&nbsp;&nbsp;&nbsp;&nbsp;&nbsp;&nbsp;&nbsp;&nbsp;&nbsp;&nbsp;&nbsp;&nbsp; = <strong>-0,3690 + 0,0882 x EPEX DAM<br><\/strong>Contrat \u00e0 partir du 1\/3\/2023:&nbsp;&nbsp; = <strong>0,0300 + 0,0833 x EPEX DAM<\/strong><\/p>\n\n\n\n<p>Encore ici, l\u2019obscure formule dissimule l\u2019ampleur de l\u2019arnaque&nbsp;et que<br><strong>Engie<\/strong> compte \u00ab&nbsp;tr\u00e8s bien&nbsp;\u00bb revendre <strong>la viande de la vache<\/strong>&nbsp;!<\/p>\n\n\n\n<p class=\"has-vivid-red-color has-text-color has-background\" style=\"background-color:#eeeeee\"><strong>L\u2019\u00e9lectricit\u00e9 que <em><mark style=\"background-color:rgba(0, 0, 0, 0);color:#7800e9\" class=\"has-inline-color\"><strong>ENGIE<\/strong><\/mark><\/em> va revendre \u00e0 d\u2019autres consommateurs (au prix plein) est soudainement devenue <mark style=\"background-color:rgba(0, 0, 0, 0)\" class=\"has-inline-color has-vivid-red-color\">moins ch\u00e8re&nbsp;pour lui de <u>+\/- 7,5%.<\/u>&nbsp;???<\/mark><\/strong><\/p>\n\n\n\n<p><strong>Cher <em><mark style=\"background-color:rgba(0, 0, 0, 0);color:#7800e9\" class=\"has-inline-color\">ENGIE<\/mark><\/em>, les plantureux \u00ab&nbsp;SUR-PROFITS&nbsp;\u00bb engrang\u00e9s jusqu\u2019\u00e0 pr\u00e9sent ne VOUS suffisent-ils pas ou tentez-vous de r\u00e9cup\u00e9rer sur le dos de vos consommateurs la taxe que le gouvernement projette de vous imposer \u00e0 ce sujet&nbsp;?<\/strong><\/p>\n\n\n\n<p>Je serais curieux de conna\u00eetre les justifications fournies \u00e0 la GREG (l\u2019organisme officiel charg\u00e9 du contr\u00f4le des prix en mati\u00e8re d\u2019\u00e9nergie) pour que ce tarif ait pu \u00eatre agr\u00e9\u00e9.<\/p>\n\n\n\n<p class=\"has-vivid-red-color has-text-color has-background\" style=\"background-color:#eeeeee\"><strong>Non, \u00ab&nbsp;cher&nbsp;\u00bb (trop cher) <em><mark style=\"background-color:rgba(0, 0, 0, 0);color:#7800e9\" class=\"has-inline-color\"><strong>ENGIE<\/strong><\/mark><\/em>,<br>au 1<sup>er<\/sup> f\u00e9vrier, je changerai ma vache de troupeau&nbsp;!<\/strong><\/p>\n\n\n\n<p>Respectueusement<br>Denis Meunier<\/p>\n<\/div><\/div>\n","protected":false},"excerpt":{"rendered":"<p>Quand Engie veut aussi vendre la viande de la vache laiti\u00e8re ! <a href=\"https:\/\/denis-meunier.be\/Deonisios\/2022\/12\/28\/lettre-ouverte-a-engie\/\">Continuer la lecture <span class=\"meta-nav\">&rarr;<\/span><\/a><\/p>\n","protected":false},"author":1,"featured_media":1287,"comment_status":"closed","ping_status":"closed","sticky":false,"template":"","format":"standard","meta":{"footnotes":""},"categories":[6],"tags":[],"class_list":["post-1286","post","type-post","status-publish","format-standard","has-post-thumbnail","hentry","category-je-rale"],"_links":{"self":[{"href":"https:\/\/denis-meunier.be\/Deonisios\/wp-json\/wp\/v2\/posts\/1286","targetHints":{"allow":["GET"]}}],"collection":[{"href":"https:\/\/denis-meunier.be\/Deonisios\/wp-json\/wp\/v2\/posts"}],"about":[{"href":"https:\/\/denis-meunier.be\/Deonisios\/wp-json\/wp\/v2\/types\/post"}],"author":[{"embeddable":true,"href":"https:\/\/denis-meunier.be\/Deonisios\/wp-json\/wp\/v2\/users\/1"}],"replies":[{"embeddable":true,"href":"https:\/\/denis-meunier.be\/Deonisios\/wp-json\/wp\/v2\/comments?post=1286"}],"version-history":[{"count":4,"href":"https:\/\/denis-meunier.be\/Deonisios\/wp-json\/wp\/v2\/posts\/1286\/revisions"}],"predecessor-version":[{"id":1292,"href":"https:\/\/denis-meunier.be\/Deonisios\/wp-json\/wp\/v2\/posts\/1286\/revisions\/1292"}],"wp:featuredmedia":[{"embeddable":true,"href":"https:\/\/denis-meunier.be\/Deonisios\/wp-json\/wp\/v2\/media\/1287"}],"wp:attachment":[{"href":"https:\/\/denis-meunier.be\/Deonisios\/wp-json\/wp\/v2\/media?parent=1286"}],"wp:term":[{"taxonomy":"category","embeddable":true,"href":"https:\/\/denis-meunier.be\/Deonisios\/wp-json\/wp\/v2\/categories?post=1286"},{"taxonomy":"post_tag","embeddable":true,"href":"https:\/\/denis-meunier.be\/Deonisios\/wp-json\/wp\/v2\/tags?post=1286"}],"curies":[{"name":"wp","href":"https:\/\/api.w.org\/{rel}","templated":true}]}}