{"id":1223,"date":"2022-02-15T13:21:18","date_gmt":"2022-02-15T12:21:18","guid":{"rendered":"https:\/\/denis-meunier.be\/Deonisios\/?p=1223"},"modified":"2022-02-15T13:31:20","modified_gmt":"2022-02-15T12:31:20","slug":"les-travaux-et-deviations-dans-notre-quartier","status":"publish","type":"post","link":"https:\/\/denis-meunier.be\/Deonisios\/2022\/02\/15\/les-travaux-et-deviations-dans-notre-quartier\/","title":{"rendered":"Les travaux et d\u00e9viations dans notre quartier"},"content":{"rendered":"\n<h2 class=\"wp-block-heading\" id=\"travaux-chaussee-d-uccle-demarrage-phase-3\"><strong>Travaux Chauss\u00e9e d\u2019Uccle<\/strong> :<br>D\u00e9marrage phase 3<\/h2>\n\n\n\n<p><em>Traduction : Informations de la Commune du Mercredi 09 f\u00e9vrier 2022<\/em><\/p>\n\n\n\n<p>La phase 3 des travaux d&rsquo;assainissement de la <a>Chauss\u00e9e d\u2019Uccle <\/a>d\u00e9butera le lundi 14 f\u00e9vrier 2022. Le carrefour avec la Dachelenberg (jusqu&rsquo;au pont de chemin de fer) sera r\u00e9nov\u00e9. Un nouveau syst\u00e8me d&rsquo;\u00e9gouts sera construit et la rue sera r\u00e9am\u00e9nag\u00e9e avec de nouvelles voies pi\u00e9tonnes et cyclables.<\/p>\n\n\n\n<div class=\"wp-block-media-text alignwide has-media-on-the-right is-stacked-on-mobile\"><figure class=\"wp-block-media-text__media\"><img loading=\"lazy\" decoding=\"async\" width=\"257\" height=\"295\" src=\"https:\/\/denis-meunier.be\/Deonisios\/wp-content\/uploads\/2022\/02\/Deviation1.jpg\" alt=\"\" class=\"wp-image-1224 size-full\"\/><\/figure><div class=\"wp-block-media-text__content\">\n<p style=\"font-size:16px;font-style:normal;font-weight:400\">Les travaux fermeront l&rsquo;intersection de la Chauss\u00e9e d\u2019Uccle avec&nbsp; la Dachelenbergstraat \u00e0 toute circulation, \u00e0 partir du pont ferroviaire jusqu\u2019\u00e0 \u00ab\u00a0Moesjebaaz\u00a0\u00bb.<br>Les phases 1 et 2 seront encore compl\u00e9t\u00e9es : <br>La Chauss\u00e9e d\u2019Uccle \u00e0 partir de \u00ab\u00a0Moesjebaaz \u00a0\u00bb jusqu\u2019\u00e0 l&rsquo;Alsembergsteenweg (finition des pistes cyclables et pi\u00e9tonnes + couche finale d&rsquo;asphalte). Cette zone ne sera accessible que depuis la Alsembergsteenweg (uniquement pour les habitants de cette zone).<\/p>\n<\/div><\/div>\n\n\n\n<p><strong>Selon les conditions m\u00e9t\u00e9orologiques, ces travaux devraient durer jusqu&rsquo;\u00e0 fin avril. <\/strong><\/p>\n\n\n\n<p><strong>Apr\u00e8s cette phase, tous les travaux seront termin\u00e9s et la Chauss\u00e9e d\u2019Uccle sera rouverte.<\/strong><\/p>\n\n\n\n<h2 class=\"wp-block-heading\" id=\"deviations\"><strong>D\u00e9viations<\/strong><\/h2>\n\n\n\n<ul class=\"wp-block-list\"><li>Si vous habitez le quartier de Dachelenberg : <br>&#8211; faites un d\u00e9tour par Drogenbos.<\/li><li>En venant du centre de Beersel : <br>&#8211; suivre la d\u00e9viation via Donkerstraat\/Zavelstraat (direction Alsembergsteenweg). <\/li><li>Habitez-vous dans la zone proche de la Chauss\u00e9e d\u2019Uccle: <br>&#8211; pas de passage par l&rsquo;intersection avec la Dachelenbergstraat. <br>&#8211; Vous ne pouvez sortir que par la Alsembergsteenweg.<\/li><\/ul>\n\n\n\n<figure class=\"wp-block-image size-full\"><img loading=\"lazy\" decoding=\"async\" width=\"701\" height=\"780\" src=\"https:\/\/denis-meunier.be\/Deonisios\/wp-content\/uploads\/2022\/02\/Deviation2.jpg\" alt=\"\" class=\"wp-image-1225\" srcset=\"https:\/\/denis-meunier.be\/Deonisios\/wp-content\/uploads\/2022\/02\/Deviation2.jpg 701w, https:\/\/denis-meunier.be\/Deonisios\/wp-content\/uploads\/2022\/02\/Deviation2-270x300.jpg 270w\" sizes=\"auto, (max-width: 701px) 100vw, 701px\" \/><\/figure>\n\n\n\n<h2 class=\"wp-block-heading\" id=\"plus-d-informations\"><strong>Plus d\u2019informations&nbsp;:<\/strong><\/h2>\n\n\n\n<p><strong>Domaine Rondenbos<\/strong><br>Alsembergsteenweg 1046 &#8211; 1652 Alsemberg<br>contact : 02 359 17 17 ou 02 359 1718 <br>Email : infrastructuur@beersel.be<\/p>\n","protected":false},"excerpt":{"rendered":"<p>Travaux Chauss\u00e9e d\u2019Uccle :<br \/>\nD\u00e9marrage phase 3 (Traduction) <a href=\"https:\/\/denis-meunier.be\/Deonisios\/2022\/02\/15\/les-travaux-et-deviations-dans-notre-quartier\/\">Continuer la lecture <span class=\"meta-nav\">&rarr;<\/span><\/a><\/p>\n","protected":false},"author":1,"featured_media":1224,"comment_status":"closed","ping_status":"closed","sticky":false,"template":"","format":"standard","meta":{"footnotes":""},"categories":[2],"tags":[],"class_list":["post-1223","post","type-post","status-publish","format-standard","has-post-thumbnail","hentry","category-beersel-pratique"],"_links":{"self":[{"href":"https:\/\/denis-meunier.be\/Deonisios\/wp-json\/wp\/v2\/posts\/1223","targetHints":{"allow":["GET"]}}],"collection":[{"href":"https:\/\/denis-meunier.be\/Deonisios\/wp-json\/wp\/v2\/posts"}],"about":[{"href":"https:\/\/denis-meunier.be\/Deonisios\/wp-json\/wp\/v2\/types\/post"}],"author":[{"embeddable":true,"href":"https:\/\/denis-meunier.be\/Deonisios\/wp-json\/wp\/v2\/users\/1"}],"replies":[{"embeddable":true,"href":"https:\/\/denis-meunier.be\/Deonisios\/wp-json\/wp\/v2\/comments?post=1223"}],"version-history":[{"count":5,"href":"https:\/\/denis-meunier.be\/Deonisios\/wp-json\/wp\/v2\/posts\/1223\/revisions"}],"predecessor-version":[{"id":1231,"href":"https:\/\/denis-meunier.be\/Deonisios\/wp-json\/wp\/v2\/posts\/1223\/revisions\/1231"}],"wp:featuredmedia":[{"embeddable":true,"href":"https:\/\/denis-meunier.be\/Deonisios\/wp-json\/wp\/v2\/media\/1224"}],"wp:attachment":[{"href":"https:\/\/denis-meunier.be\/Deonisios\/wp-json\/wp\/v2\/media?parent=1223"}],"wp:term":[{"taxonomy":"category","embeddable":true,"href":"https:\/\/denis-meunier.be\/Deonisios\/wp-json\/wp\/v2\/categories?post=1223"},{"taxonomy":"post_tag","embeddable":true,"href":"https:\/\/denis-meunier.be\/Deonisios\/wp-json\/wp\/v2\/tags?post=1223"}],"curies":[{"name":"wp","href":"https:\/\/api.w.org\/{rel}","templated":true}]}}